{"id":7412,"date":"2017-03-07T14:20:46","date_gmt":"2017-03-07T14:20:46","guid":{"rendered":"http:\/\/www.batxilleratgranes.com\/?p=7412"},"modified":"2018-03-07T09:16:06","modified_gmt":"2018-03-07T09:16:06","slug":"lluc-vila-descobrint-el-cami-de-la-publicitat","status":"publish","type":"post","link":"https:\/\/www.batxilleratgranes.com\/es\/lluc-vila-descobrint-el-cami-de-la-publicitat\/","title":{"rendered":"Lluc Vila, descobrint el cam\u00ed de la publicitat"},"content":{"rendered":"<p style=\"text-align: justify;\">En Lluc ho tenia ben clar: despr\u00e9s de finalitzar el batxillerat volia comen\u00e7ar a estudiar <strong>Publicitat<\/strong> a Blanquerna, a la Universitat Ramon Llull. I aix\u00ed ho est\u00e0 fent ara!<\/p>\n<p style=\"text-align: justify;\">El seu pas per <a href=\"http:\/\/www.batxilleratgranes.com\/\">Gran\u00e9s Batxillerat<\/a> va ser breu &#8211; ja que es va incorporar a segon-, per\u00f2 molt intens. El seu Treball de Recerca ja el va centrar en el m\u00f3n de la publicitat i confessa que el va resultar &#8220;molt interessant&#8221;. Amb el t\u00edtol <em><strong>Els efectes del llenguatge no verbal a la publicitat<\/strong>, <\/em>el seu treball va quedar finalista als <strong>Premis Dom\u00e8nec Font de la UPF<\/strong> i, realitzant-ho, va descobrir que &#8220;tot est\u00e0 molt estudiat, per\u00f2 a vegades la reacci\u00f3 que tingui cadasc\u00fa pot ser molt diferent.&#8221; &#8220;El que no sabia era la influ\u00e8ncia que tenien els colors inconscientment en el camp de la publicitat&#8221; comenta, com un dels aspectes que m\u00e9s el van sorprendre en fer aquest estudi.<\/p>\n<p style=\"text-align: justify;\"><a href=\"http:\/\/www.batxilleratgranes.com\/wp-content\/uploads\/2017\/03\/P6070063.jpg\"><img loading=\"lazy\" decoding=\"async\" width=\"1200\" height=\"900\" class=\"alignnone size-full wp-image-7420\" src=\"http:\/\/www.batxilleratgranes.com\/wp-content\/uploads\/2017\/03\/P6070063.jpg\" alt=\"\" srcset=\"https:\/\/www.batxilleratgranes.com\/wp-content\/uploads\/2017\/03\/P6070063.jpg 1200w, https:\/\/www.batxilleratgranes.com\/wp-content\/uploads\/2017\/03\/P6070063-300x225.jpg 300w, https:\/\/www.batxilleratgranes.com\/wp-content\/uploads\/2017\/03\/P6070063-768x576.jpg 768w, https:\/\/www.batxilleratgranes.com\/wp-content\/uploads\/2017\/03\/P6070063-1024x768.jpg 1024w, https:\/\/www.batxilleratgranes.com\/wp-content\/uploads\/2017\/03\/P6070063-650x488.jpg 650w, https:\/\/www.batxilleratgranes.com\/wp-content\/uploads\/2017\/03\/P6070063-960x720.jpg 960w, https:\/\/www.batxilleratgranes.com\/wp-content\/uploads\/2017\/03\/P6070063-1000x750.jpg 1000w\" sizes=\"(max-width: 1200px) 100vw, 1200px\" \/><\/a><\/p>\n<p style=\"text-align: justify;\">La idea del treball la va tenir quan feia 1r de Batxillerat i durant tot el curs de Segon la va anar desenvolupant. &#8220;El que m\u00e9s em va costar va ser, al principi, definir quins temes havia de tractar, fer l&#8217;\u00edndex, l&#8217;estructura del treball&#8230;&#8221;<\/p>\n<p style=\"text-align: justify;\">Pel Lluc va ser el treball m\u00e9s destacat que havia fet fins aleshores, tot i que si el torn\u00e9s a fer, t\u00e9 molt clar que intentaria acotar una mica m\u00e9s el tema i <strong>aprofundir-hi una mica m\u00e9s<\/strong>, ja que es tractava d&#8217;un estudi molt ampli.<\/p>\n<p style=\"text-align: justify;\"><a href=\"http:\/\/www.batxilleratgranes.com\/wp-content\/uploads\/2017\/03\/P6070068-e1488896380243.jpg\"><img loading=\"lazy\" decoding=\"async\" width=\"900\" height=\"1200\" class=\"alignnone size-full wp-image-7422\" src=\"http:\/\/www.batxilleratgranes.com\/wp-content\/uploads\/2017\/03\/P6070068-e1488896380243.jpg\" alt=\"\" srcset=\"https:\/\/www.batxilleratgranes.com\/wp-content\/uploads\/2017\/03\/P6070068-e1488896380243.jpg 900w, https:\/\/www.batxilleratgranes.com\/wp-content\/uploads\/2017\/03\/P6070068-e1488896380243-225x300.jpg 225w, https:\/\/www.batxilleratgranes.com\/wp-content\/uploads\/2017\/03\/P6070068-e1488896380243-768x1024.jpg 768w, https:\/\/www.batxilleratgranes.com\/wp-content\/uploads\/2017\/03\/P6070068-e1488896380243-650x867.jpg 650w\" sizes=\"(max-width: 900px) 100vw, 900px\" \/><\/a><\/p>\n<p style=\"text-align: justify;\">A l&#8217;hora de preparar la presentaci\u00f3 davant el jurat va tenir molt en compte l&#8217;<strong>aspecte formal i la imatge<\/strong>. El seu pare li va transmetre la import\u00e0ncia dels detalls i va comptar amb el suport d&#8217;un amic seu per introduir elements en 3D.<\/p>\n<p style=\"text-align: justify;\">En Lluc, que va realitzar els seus estudis a la nostra escola a cavall entre Barcelona i Girona, va aconseguir accedir als estudis universitaris de Publicitat i es troba una mica m\u00e9s a prop de <strong>crear la seva pr\u00f2pia ag\u00e8ncia<\/strong>, el <strong>somni<\/strong> que anunciava un temps abans en una entrevista amb el seu tutor.<\/p>\n<div class=\"nv-iframe-embed\"><iframe loading=\"lazy\" title=\"Gran\u00e9s Batxillerat. Entrevista a l&#039;alumne Lluc Vila\" width=\"1200\" height=\"675\" src=\"https:\/\/www.youtube.com\/embed\/mB9cWuQn_Wc?start=7&#038;feature=oembed\" frameborder=\"0\" allow=\"accelerometer; autoplay; clipboard-write; encrypted-media; gyroscope; picture-in-picture\" allowfullscreen><\/iframe><\/div>\n<p style=\"text-align: justify;\">\n","protected":false},"excerpt":{"rendered":"<p>En Lluc ho tenia ben clar: despr\u00e9s de finalitzar el batxillerat volia comen\u00e7ar a estudiar Publicitat a Blanquerna, a la Universitat Ramon Llull. I aix\u00ed ho est\u00e0 fent ara! El seu pas per Gran\u00e9s Batxillerat va ser breu &#8211; ja que es va incorporar a segon-, per\u00f2 molt intens. El seu Treball de Recerca ja&hellip;&nbsp;<a href=\"https:\/\/www.batxilleratgranes.com\/es\/lluc-vila-descobrint-el-cami-de-la-publicitat\/\" class=\"\" rel=\"bookmark\">Read More &raquo;<span class=\"screen-reader-text\">Lluc Vila, descobrint el cam\u00ed de la publicitat<\/span><\/a><\/p>\n","protected":false},"author":5,"featured_media":7419,"comment_status":"open","ping_status":"open","sticky":false,"template":"","format":"standard","meta":{"neve_meta_sidebar":"","neve_meta_container":"","neve_meta_enable_content_width":"","neve_meta_content_width":0,"neve_meta_title_alignment":"","neve_meta_author_avatar":"","neve_post_elements_order":"","neve_meta_disable_header":"","neve_meta_disable_footer":"","neve_meta_disable_title":"","footnotes":""},"categories":[65],"tags":[22,373,223,51,50],"class_list":["post-7412","post","type-post","status-publish","format-standard","has-post-thumbnail","hentry","category-anticsalumnes","tag-batxillerat","tag-lluc-vila","tag-publicitat","tag-tr","tag-treball-de-recerca"],"yoast_head":"<!-- This site is optimized with the Yoast SEO plugin v23.4 - https:\/\/yoast.com\/wordpress\/plugins\/seo\/ -->\n<title>Lluc Vila, descobrint el cam\u00ed de la publicitat - Gran\u00e9s Batxillerat - Escuela especializada en Bachillerato en Barcelona<\/title>\n<meta name=\"robots\" content=\"index, follow, max-snippet:-1, max-image-preview:large, max-video-preview:-1\" \/>\n<link rel=\"canonical\" href=\"https:\/\/www.batxilleratgranes.com\/es\/lluc-vila-descobrint-el-cami-de-la-publicitat\/\" \/>\n<meta property=\"og:locale\" content=\"es_ES\" \/>\n<meta property=\"og:type\" content=\"article\" \/>\n<meta property=\"og:title\" content=\"Lluc Vila, descobrint el cam\u00ed de la publicitat - Gran\u00e9s Batxillerat - Escuela especializada en Bachillerato en Barcelona\" \/>\n<meta property=\"og:description\" content=\"En Lluc ho tenia ben clar: despr\u00e9s de finalitzar el batxillerat volia comen\u00e7ar a estudiar Publicitat a Blanquerna, a la Universitat Ramon Llull. I aix\u00ed ho est\u00e0 fent ara! El seu pas per Gran\u00e9s Batxillerat va ser breu &#8211; ja que es va incorporar a segon-, per\u00f2 molt intens. El seu Treball de Recerca ja&hellip;&nbsp;Read More &raquo;Lluc Vila, descobrint el cam\u00ed de la publicitat\" \/>\n<meta property=\"og:url\" content=\"https:\/\/www.batxilleratgranes.com\/es\/lluc-vila-descobrint-el-cami-de-la-publicitat\/\" \/>\n<meta property=\"og:site_name\" content=\"Gran\u00e9s Batxillerat - Escuela especializada en Bachillerato en Barcelona\" \/>\n<meta property=\"article:published_time\" content=\"2017-03-07T14:20:46+00:00\" \/>\n<meta property=\"article:modified_time\" content=\"2018-03-07T09:16:06+00:00\" \/>\n<meta property=\"og:image\" content=\"https:\/\/www.batxilleratgranes.com\/wp-content\/uploads\/2017\/03\/P6070064-e1488895975152.jpg\" \/>\n\t<meta property=\"og:image:width\" content=\"723\" \/>\n\t<meta property=\"og:image:height\" content=\"693\" \/>\n\t<meta property=\"og:image:type\" content=\"image\/jpeg\" \/>\n<meta name=\"author\" content=\"mireia.martinez\" \/>\n<meta name=\"twitter:card\" content=\"summary_large_image\" \/>\n<meta name=\"twitter:label1\" content=\"Written by\" \/>\n\t<meta name=\"twitter:data1\" content=\"mireia.martinez\" \/>\n\t<meta name=\"twitter:label2\" content=\"Est. reading time\" \/>\n\t<meta name=\"twitter:data2\" content=\"2 minutes\" \/>\n<script type=\"application\/ld+json\" class=\"yoast-schema-graph\">{\"@context\":\"https:\/\/schema.org\",\"@graph\":[{\"@type\":\"Article\",\"@id\":\"https:\/\/www.batxilleratgranes.com\/es\/lluc-vila-descobrint-el-cami-de-la-publicitat\/#article\",\"isPartOf\":{\"@id\":\"https:\/\/www.batxilleratgranes.com\/es\/lluc-vila-descobrint-el-cami-de-la-publicitat\/\"},\"author\":{\"name\":\"mireia.martinez\",\"@id\":\"https:\/\/www.batxilleratgranes.com\/es\/#\/schema\/person\/4e10f231f79e8e2d24629e02b8283201\"},\"headline\":\"Lluc Vila, descobrint el cam\u00ed de la publicitat\",\"datePublished\":\"2017-03-07T14:20:46+00:00\",\"dateModified\":\"2018-03-07T09:16:06+00:00\",\"mainEntityOfPage\":{\"@id\":\"https:\/\/www.batxilleratgranes.com\/es\/lluc-vila-descobrint-el-cami-de-la-publicitat\/\"},\"wordCount\":380,\"commentCount\":0,\"publisher\":{\"@id\":\"https:\/\/www.batxilleratgranes.com\/es\/#organization\"},\"image\":{\"@id\":\"https:\/\/www.batxilleratgranes.com\/es\/lluc-vila-descobrint-el-cami-de-la-publicitat\/#primaryimage\"},\"thumbnailUrl\":\"https:\/\/www.batxilleratgranes.com\/wp-content\/uploads\/2017\/03\/P6070064-e1488895975152.jpg\",\"keywords\":[\"Batxillerat\",\"Lluc Vila\",\"Publicitat\",\"TR\",\"Treball de recerca\"],\"articleSection\":[\"Antics alumnes\"],\"inLanguage\":\"es\",\"potentialAction\":[{\"@type\":\"CommentAction\",\"name\":\"Comment\",\"target\":[\"https:\/\/www.batxilleratgranes.com\/es\/lluc-vila-descobrint-el-cami-de-la-publicitat\/#respond\"]}]},{\"@type\":\"WebPage\",\"@id\":\"https:\/\/www.batxilleratgranes.com\/es\/lluc-vila-descobrint-el-cami-de-la-publicitat\/\",\"url\":\"https:\/\/www.batxilleratgranes.com\/es\/lluc-vila-descobrint-el-cami-de-la-publicitat\/\",\"name\":\"Lluc Vila, descobrint el cam\u00ed de la publicitat - Gran\u00e9s Batxillerat - Escuela especializada en Bachillerato en Barcelona\",\"isPartOf\":{\"@id\":\"https:\/\/www.batxilleratgranes.com\/es\/#website\"},\"primaryImageOfPage\":{\"@id\":\"https:\/\/www.batxilleratgranes.com\/es\/lluc-vila-descobrint-el-cami-de-la-publicitat\/#primaryimage\"},\"image\":{\"@id\":\"https:\/\/www.batxilleratgranes.com\/es\/lluc-vila-descobrint-el-cami-de-la-publicitat\/#primaryimage\"},\"thumbnailUrl\":\"https:\/\/www.batxilleratgranes.com\/wp-content\/uploads\/2017\/03\/P6070064-e1488895975152.jpg\",\"datePublished\":\"2017-03-07T14:20:46+00:00\",\"dateModified\":\"2018-03-07T09:16:06+00:00\",\"breadcrumb\":{\"@id\":\"https:\/\/www.batxilleratgranes.com\/es\/lluc-vila-descobrint-el-cami-de-la-publicitat\/#breadcrumb\"},\"inLanguage\":\"es\",\"potentialAction\":[{\"@type\":\"ReadAction\",\"target\":[\"https:\/\/www.batxilleratgranes.com\/es\/lluc-vila-descobrint-el-cami-de-la-publicitat\/\"]}]},{\"@type\":\"ImageObject\",\"inLanguage\":\"es\",\"@id\":\"https:\/\/www.batxilleratgranes.com\/es\/lluc-vila-descobrint-el-cami-de-la-publicitat\/#primaryimage\",\"url\":\"https:\/\/www.batxilleratgranes.com\/wp-content\/uploads\/2017\/03\/P6070064-e1488895975152.jpg\",\"contentUrl\":\"https:\/\/www.batxilleratgranes.com\/wp-content\/uploads\/2017\/03\/P6070064-e1488895975152.jpg\",\"width\":723,\"height\":693},{\"@type\":\"BreadcrumbList\",\"@id\":\"https:\/\/www.batxilleratgranes.com\/es\/lluc-vila-descobrint-el-cami-de-la-publicitat\/#breadcrumb\",\"itemListElement\":[{\"@type\":\"ListItem\",\"position\":1,\"name\":\"Inici\",\"item\":\"https:\/\/www.batxilleratgranes.com\/es\/\"},{\"@type\":\"ListItem\",\"position\":2,\"name\":\"Lluc Vila, descobrint el cam\u00ed de la publicitat\"}]},{\"@type\":\"WebSite\",\"@id\":\"https:\/\/www.batxilleratgranes.com\/es\/#website\",\"url\":\"https:\/\/www.batxilleratgranes.com\/es\/\",\"name\":\"Gran\u00e9s Batxillerat - Escuela especializada en Bachillerato en Barcelona\",\"description\":\"Escola especialitzada en Batxillerat a Barcelona\",\"publisher\":{\"@id\":\"https:\/\/www.batxilleratgranes.com\/es\/#organization\"},\"potentialAction\":[{\"@type\":\"SearchAction\",\"target\":{\"@type\":\"EntryPoint\",\"urlTemplate\":\"https:\/\/www.batxilleratgranes.com\/es\/?s={search_term_string}\"},\"query-input\":{\"@type\":\"PropertyValueSpecification\",\"valueRequired\":true,\"valueName\":\"search_term_string\"}}],\"inLanguage\":\"es\"},{\"@type\":\"Organization\",\"@id\":\"https:\/\/www.batxilleratgranes.com\/es\/#organization\",\"name\":\"Gran\u00e9s Batxillerat - Escuela especializada en Bachillerato en Barcelona\",\"url\":\"https:\/\/www.batxilleratgranes.com\/es\/\",\"logo\":{\"@type\":\"ImageObject\",\"inLanguage\":\"es\",\"@id\":\"https:\/\/www.batxilleratgranes.com\/es\/#\/schema\/logo\/image\/\",\"url\":\"https:\/\/www.batxilleratgranes.com\/wp-content\/uploads\/2013\/01\/granes1.png\",\"contentUrl\":\"https:\/\/www.batxilleratgranes.com\/wp-content\/uploads\/2013\/01\/granes1.png\",\"width\":292,\"height\":85,\"caption\":\"Gran\u00e9s Batxillerat - Escuela especializada en Bachillerato en Barcelona\"},\"image\":{\"@id\":\"https:\/\/www.batxilleratgranes.com\/es\/#\/schema\/logo\/image\/\"}},{\"@type\":\"Person\",\"@id\":\"https:\/\/www.batxilleratgranes.com\/es\/#\/schema\/person\/4e10f231f79e8e2d24629e02b8283201\",\"name\":\"mireia.martinez\",\"image\":{\"@type\":\"ImageObject\",\"inLanguage\":\"es\",\"@id\":\"https:\/\/www.batxilleratgranes.com\/es\/#\/schema\/person\/image\/\",\"url\":\"https:\/\/secure.gravatar.com\/avatar\/8c952e346979fb1eaf89bbc4dfda29f0?s=96&d=mm&r=g\",\"contentUrl\":\"https:\/\/secure.gravatar.com\/avatar\/8c952e346979fb1eaf89bbc4dfda29f0?s=96&d=mm&r=g\",\"caption\":\"mireia.martinez\"},\"url\":\"https:\/\/www.batxilleratgranes.com\/es\/author\/mireia-martinez\/\"}]}<\/script>\n<!-- \/ Yoast SEO plugin. -->","yoast_head_json":{"title":"Lluc Vila, descobrint el cam\u00ed de la publicitat - Gran\u00e9s Batxillerat - Escuela especializada en Bachillerato en Barcelona","robots":{"index":"index","follow":"follow","max-snippet":"max-snippet:-1","max-image-preview":"max-image-preview:large","max-video-preview":"max-video-preview:-1"},"canonical":"https:\/\/www.batxilleratgranes.com\/es\/lluc-vila-descobrint-el-cami-de-la-publicitat\/","og_locale":"es_ES","og_type":"article","og_title":"Lluc Vila, descobrint el cam\u00ed de la publicitat - Gran\u00e9s Batxillerat - Escuela especializada en Bachillerato en Barcelona","og_description":"En Lluc ho tenia ben clar: despr\u00e9s de finalitzar el batxillerat volia comen\u00e7ar a estudiar Publicitat a Blanquerna, a la Universitat Ramon Llull. I aix\u00ed ho est\u00e0 fent ara! El seu pas per Gran\u00e9s Batxillerat va ser breu &#8211; ja que es va incorporar a segon-, per\u00f2 molt intens. El seu Treball de Recerca ja&hellip;&nbsp;Read More &raquo;Lluc Vila, descobrint el cam\u00ed de la publicitat","og_url":"https:\/\/www.batxilleratgranes.com\/es\/lluc-vila-descobrint-el-cami-de-la-publicitat\/","og_site_name":"Gran\u00e9s Batxillerat - Escuela especializada en Bachillerato en Barcelona","article_published_time":"2017-03-07T14:20:46+00:00","article_modified_time":"2018-03-07T09:16:06+00:00","og_image":[{"width":723,"height":693,"url":"https:\/\/www.batxilleratgranes.com\/wp-content\/uploads\/2017\/03\/P6070064-e1488895975152.jpg","type":"image\/jpeg"}],"author":"mireia.martinez","twitter_card":"summary_large_image","twitter_misc":{"Written by":"mireia.martinez","Est. reading time":"2 minutes"},"schema":{"@context":"https:\/\/schema.org","@graph":[{"@type":"Article","@id":"https:\/\/www.batxilleratgranes.com\/es\/lluc-vila-descobrint-el-cami-de-la-publicitat\/#article","isPartOf":{"@id":"https:\/\/www.batxilleratgranes.com\/es\/lluc-vila-descobrint-el-cami-de-la-publicitat\/"},"author":{"name":"mireia.martinez","@id":"https:\/\/www.batxilleratgranes.com\/es\/#\/schema\/person\/4e10f231f79e8e2d24629e02b8283201"},"headline":"Lluc Vila, descobrint el cam\u00ed de la publicitat","datePublished":"2017-03-07T14:20:46+00:00","dateModified":"2018-03-07T09:16:06+00:00","mainEntityOfPage":{"@id":"https:\/\/www.batxilleratgranes.com\/es\/lluc-vila-descobrint-el-cami-de-la-publicitat\/"},"wordCount":380,"commentCount":0,"publisher":{"@id":"https:\/\/www.batxilleratgranes.com\/es\/#organization"},"image":{"@id":"https:\/\/www.batxilleratgranes.com\/es\/lluc-vila-descobrint-el-cami-de-la-publicitat\/#primaryimage"},"thumbnailUrl":"https:\/\/www.batxilleratgranes.com\/wp-content\/uploads\/2017\/03\/P6070064-e1488895975152.jpg","keywords":["Batxillerat","Lluc Vila","Publicitat","TR","Treball de recerca"],"articleSection":["Antics alumnes"],"inLanguage":"es","potentialAction":[{"@type":"CommentAction","name":"Comment","target":["https:\/\/www.batxilleratgranes.com\/es\/lluc-vila-descobrint-el-cami-de-la-publicitat\/#respond"]}]},{"@type":"WebPage","@id":"https:\/\/www.batxilleratgranes.com\/es\/lluc-vila-descobrint-el-cami-de-la-publicitat\/","url":"https:\/\/www.batxilleratgranes.com\/es\/lluc-vila-descobrint-el-cami-de-la-publicitat\/","name":"Lluc Vila, descobrint el cam\u00ed de la publicitat - Gran\u00e9s Batxillerat - Escuela especializada en Bachillerato en Barcelona","isPartOf":{"@id":"https:\/\/www.batxilleratgranes.com\/es\/#website"},"primaryImageOfPage":{"@id":"https:\/\/www.batxilleratgranes.com\/es\/lluc-vila-descobrint-el-cami-de-la-publicitat\/#primaryimage"},"image":{"@id":"https:\/\/www.batxilleratgranes.com\/es\/lluc-vila-descobrint-el-cami-de-la-publicitat\/#primaryimage"},"thumbnailUrl":"https:\/\/www.batxilleratgranes.com\/wp-content\/uploads\/2017\/03\/P6070064-e1488895975152.jpg","datePublished":"2017-03-07T14:20:46+00:00","dateModified":"2018-03-07T09:16:06+00:00","breadcrumb":{"@id":"https:\/\/www.batxilleratgranes.com\/es\/lluc-vila-descobrint-el-cami-de-la-publicitat\/#breadcrumb"},"inLanguage":"es","potentialAction":[{"@type":"ReadAction","target":["https:\/\/www.batxilleratgranes.com\/es\/lluc-vila-descobrint-el-cami-de-la-publicitat\/"]}]},{"@type":"ImageObject","inLanguage":"es","@id":"https:\/\/www.batxilleratgranes.com\/es\/lluc-vila-descobrint-el-cami-de-la-publicitat\/#primaryimage","url":"https:\/\/www.batxilleratgranes.com\/wp-content\/uploads\/2017\/03\/P6070064-e1488895975152.jpg","contentUrl":"https:\/\/www.batxilleratgranes.com\/wp-content\/uploads\/2017\/03\/P6070064-e1488895975152.jpg","width":723,"height":693},{"@type":"BreadcrumbList","@id":"https:\/\/www.batxilleratgranes.com\/es\/lluc-vila-descobrint-el-cami-de-la-publicitat\/#breadcrumb","itemListElement":[{"@type":"ListItem","position":1,"name":"Inici","item":"https:\/\/www.batxilleratgranes.com\/es\/"},{"@type":"ListItem","position":2,"name":"Lluc Vila, descobrint el cam\u00ed de la publicitat"}]},{"@type":"WebSite","@id":"https:\/\/www.batxilleratgranes.com\/es\/#website","url":"https:\/\/www.batxilleratgranes.com\/es\/","name":"Gran\u00e9s Batxillerat - Escuela especializada en Bachillerato en Barcelona","description":"Escola especialitzada en Batxillerat a Barcelona","publisher":{"@id":"https:\/\/www.batxilleratgranes.com\/es\/#organization"},"potentialAction":[{"@type":"SearchAction","target":{"@type":"EntryPoint","urlTemplate":"https:\/\/www.batxilleratgranes.com\/es\/?s={search_term_string}"},"query-input":{"@type":"PropertyValueSpecification","valueRequired":true,"valueName":"search_term_string"}}],"inLanguage":"es"},{"@type":"Organization","@id":"https:\/\/www.batxilleratgranes.com\/es\/#organization","name":"Gran\u00e9s Batxillerat - Escuela especializada en Bachillerato en Barcelona","url":"https:\/\/www.batxilleratgranes.com\/es\/","logo":{"@type":"ImageObject","inLanguage":"es","@id":"https:\/\/www.batxilleratgranes.com\/es\/#\/schema\/logo\/image\/","url":"https:\/\/www.batxilleratgranes.com\/wp-content\/uploads\/2013\/01\/granes1.png","contentUrl":"https:\/\/www.batxilleratgranes.com\/wp-content\/uploads\/2013\/01\/granes1.png","width":292,"height":85,"caption":"Gran\u00e9s Batxillerat - Escuela especializada en Bachillerato en Barcelona"},"image":{"@id":"https:\/\/www.batxilleratgranes.com\/es\/#\/schema\/logo\/image\/"}},{"@type":"Person","@id":"https:\/\/www.batxilleratgranes.com\/es\/#\/schema\/person\/4e10f231f79e8e2d24629e02b8283201","name":"mireia.martinez","image":{"@type":"ImageObject","inLanguage":"es","@id":"https:\/\/www.batxilleratgranes.com\/es\/#\/schema\/person\/image\/","url":"https:\/\/secure.gravatar.com\/avatar\/8c952e346979fb1eaf89bbc4dfda29f0?s=96&d=mm&r=g","contentUrl":"https:\/\/secure.gravatar.com\/avatar\/8c952e346979fb1eaf89bbc4dfda29f0?s=96&d=mm&r=g","caption":"mireia.martinez"},"url":"https:\/\/www.batxilleratgranes.com\/es\/author\/mireia-martinez\/"}]}},"_links":{"self":[{"href":"https:\/\/www.batxilleratgranes.com\/es\/wp-json\/wp\/v2\/posts\/7412"}],"collection":[{"href":"https:\/\/www.batxilleratgranes.com\/es\/wp-json\/wp\/v2\/posts"}],"about":[{"href":"https:\/\/www.batxilleratgranes.com\/es\/wp-json\/wp\/v2\/types\/post"}],"author":[{"embeddable":true,"href":"https:\/\/www.batxilleratgranes.com\/es\/wp-json\/wp\/v2\/users\/5"}],"replies":[{"embeddable":true,"href":"https:\/\/www.batxilleratgranes.com\/es\/wp-json\/wp\/v2\/comments?post=7412"}],"version-history":[{"count":5,"href":"https:\/\/www.batxilleratgranes.com\/es\/wp-json\/wp\/v2\/posts\/7412\/revisions"}],"predecessor-version":[{"id":7426,"href":"https:\/\/www.batxilleratgranes.com\/es\/wp-json\/wp\/v2\/posts\/7412\/revisions\/7426"}],"wp:featuredmedia":[{"embeddable":true,"href":"https:\/\/www.batxilleratgranes.com\/es\/wp-json\/wp\/v2\/media\/7419"}],"wp:attachment":[{"href":"https:\/\/www.batxilleratgranes.com\/es\/wp-json\/wp\/v2\/media?parent=7412"}],"wp:term":[{"taxonomy":"category","embeddable":true,"href":"https:\/\/www.batxilleratgranes.com\/es\/wp-json\/wp\/v2\/categories?post=7412"},{"taxonomy":"post_tag","embeddable":true,"href":"https:\/\/www.batxilleratgranes.com\/es\/wp-json\/wp\/v2\/tags?post=7412"}],"curies":[{"name":"wp","href":"https:\/\/api.w.org\/{rel}","templated":true}]}}