{"id":7457,"date":"2017-03-16T12:59:00","date_gmt":"2017-03-16T12:59:00","guid":{"rendered":"http:\/\/www.batxilleratgranes.com\/?p=7457"},"modified":"2017-03-16T13:11:58","modified_gmt":"2017-03-16T13:11:58","slug":"gran-exit-de-la-inauguracio-dhijxs-de-las-tablas","status":"publish","type":"post","link":"https:\/\/www.batxilleratgranes.com\/es\/gran-exit-de-la-inauguracio-dhijxs-de-las-tablas\/","title":{"rendered":"Gran \u00e8xit de la inauguraci\u00f3 d&#8217;Hijxs de las tablas"},"content":{"rendered":"<p style=\"text-align: justify;\">Amb una gran aflu\u00e8ncia de p\u00fablic, la inauguraci\u00f3 de l&#8217;exposici\u00f3 <em>Hijxs de las tablas<\/em> ahir per part dels alumnes del Batxillerat d&#8217;Arts Esc\u00e8niques de l&#8217;escola va ser <strong>tot un \u00e8xit<\/strong>.<\/p>\n<p style=\"text-align: justify;\"><a href=\"http:\/\/www.batxilleratgranes.com\/wp-content\/uploads\/2017\/03\/P3150277.jpg\"><img loading=\"lazy\" decoding=\"async\" width=\"1200\" height=\"675\" class=\"alignnone size-full wp-image-7465\" src=\"http:\/\/www.batxilleratgranes.com\/wp-content\/uploads\/2017\/03\/P3150277.jpg\" alt=\"\" srcset=\"https:\/\/www.batxilleratgranes.com\/wp-content\/uploads\/2017\/03\/P3150277.jpg 1200w, https:\/\/www.batxilleratgranes.com\/wp-content\/uploads\/2017\/03\/P3150277-300x169.jpg 300w, https:\/\/www.batxilleratgranes.com\/wp-content\/uploads\/2017\/03\/P3150277-768x432.jpg 768w, https:\/\/www.batxilleratgranes.com\/wp-content\/uploads\/2017\/03\/P3150277-1024x576.jpg 1024w, https:\/\/www.batxilleratgranes.com\/wp-content\/uploads\/2017\/03\/P3150277-650x366.jpg 650w, https:\/\/www.batxilleratgranes.com\/wp-content\/uploads\/2017\/03\/P3150277-960x540.jpg 960w, https:\/\/www.batxilleratgranes.com\/wp-content\/uploads\/2017\/03\/P3150277-1000x563.jpg 1000w\" sizes=\"(max-width: 1200px) 100vw, 1200px\" \/><\/a><\/p>\n<p style=\"text-align: justify;\">La Sala d&#8217;Exposicions del <strong>Centre C\u00edvic-Parc Sandaru<\/strong> de Barcelona es va omplir de gom a gom entre familiars, amics i personal del centre que van voler acompanyar els alumnes en aquesta ocasi\u00f3 tan especial.<\/p>\n<p style=\"text-align: justify;\"><a href=\"http:\/\/www.batxilleratgranes.com\/wp-content\/uploads\/2017\/03\/P3150238.jpg\"><img loading=\"lazy\" decoding=\"async\" width=\"1200\" height=\"675\" class=\"alignnone size-full wp-image-7466\" src=\"http:\/\/www.batxilleratgranes.com\/wp-content\/uploads\/2017\/03\/P3150238.jpg\" alt=\"Inauguraci\u00f3 Hijxs de las tablas\" srcset=\"https:\/\/www.batxilleratgranes.com\/wp-content\/uploads\/2017\/03\/P3150238.jpg 1200w, https:\/\/www.batxilleratgranes.com\/wp-content\/uploads\/2017\/03\/P3150238-300x169.jpg 300w, https:\/\/www.batxilleratgranes.com\/wp-content\/uploads\/2017\/03\/P3150238-768x432.jpg 768w, https:\/\/www.batxilleratgranes.com\/wp-content\/uploads\/2017\/03\/P3150238-1024x576.jpg 1024w, https:\/\/www.batxilleratgranes.com\/wp-content\/uploads\/2017\/03\/P3150238-650x366.jpg 650w, https:\/\/www.batxilleratgranes.com\/wp-content\/uploads\/2017\/03\/P3150238-960x540.jpg 960w, https:\/\/www.batxilleratgranes.com\/wp-content\/uploads\/2017\/03\/P3150238-1000x563.jpg 1000w\" sizes=\"(max-width: 1200px) 100vw, 1200px\" \/><\/a><a href=\"http:\/\/www.batxilleratgranes.com\/wp-content\/uploads\/2017\/03\/Hijxs-de-las-tablas-01.jpg\"><img loading=\"lazy\" decoding=\"async\" width=\"1200\" height=\"1200\" class=\"alignnone size-full wp-image-7467\" src=\"http:\/\/www.batxilleratgranes.com\/wp-content\/uploads\/2017\/03\/Hijxs-de-las-tablas-01.jpg\" alt=\"Hijxs de las tablas \" srcset=\"https:\/\/www.batxilleratgranes.com\/wp-content\/uploads\/2017\/03\/Hijxs-de-las-tablas-01.jpg 1200w, https:\/\/www.batxilleratgranes.com\/wp-content\/uploads\/2017\/03\/Hijxs-de-las-tablas-01-150x150.jpg 150w, https:\/\/www.batxilleratgranes.com\/wp-content\/uploads\/2017\/03\/Hijxs-de-las-tablas-01-300x300.jpg 300w, https:\/\/www.batxilleratgranes.com\/wp-content\/uploads\/2017\/03\/Hijxs-de-las-tablas-01-768x768.jpg 768w, https:\/\/www.batxilleratgranes.com\/wp-content\/uploads\/2017\/03\/Hijxs-de-las-tablas-01-1024x1024.jpg 1024w, https:\/\/www.batxilleratgranes.com\/wp-content\/uploads\/2017\/03\/Hijxs-de-las-tablas-01-650x650.jpg 650w, https:\/\/www.batxilleratgranes.com\/wp-content\/uploads\/2017\/03\/Hijxs-de-las-tablas-01-60x60.jpg 60w, https:\/\/www.batxilleratgranes.com\/wp-content\/uploads\/2017\/03\/Hijxs-de-las-tablas-01-75x75.jpg 75w, https:\/\/www.batxilleratgranes.com\/wp-content\/uploads\/2017\/03\/Hijxs-de-las-tablas-01-960x960.jpg 960w, https:\/\/www.batxilleratgranes.com\/wp-content\/uploads\/2017\/03\/Hijxs-de-las-tablas-01-1000x1000.jpg 1000w\" sizes=\"(max-width: 1200px) 100vw, 1200px\" \/><\/a><\/p>\n<p style=\"text-align: justify;\">L&#8217;acte va comen\u00e7ar amb la <strong>interpretaci\u00f3<\/strong> del tema <strong><em>&#8220;El tel\u00f3n nunca caer\u00e1&#8221;<\/em> <\/strong>per part dels autors de les obres, que despr\u00e9s van retirar els papers que cobrien inicialment els seus quadres, desvelant aix\u00ed el gran <strong>misteri <\/strong>de la nit: <strong>els quadres<\/strong>.<\/p>\n<p style=\"text-align: justify;\"><a href=\"http:\/\/www.batxilleratgranes.com\/wp-content\/uploads\/2017\/03\/P3150259.jpg\"><img loading=\"lazy\" decoding=\"async\" width=\"1200\" height=\"675\" class=\"alignnone size-full wp-image-7464\" src=\"http:\/\/www.batxilleratgranes.com\/wp-content\/uploads\/2017\/03\/P3150259.jpg\" alt=\"Inauguraci\u00f3 Hijxs de las tablas\" srcset=\"https:\/\/www.batxilleratgranes.com\/wp-content\/uploads\/2017\/03\/P3150259.jpg 1200w, https:\/\/www.batxilleratgranes.com\/wp-content\/uploads\/2017\/03\/P3150259-300x169.jpg 300w, https:\/\/www.batxilleratgranes.com\/wp-content\/uploads\/2017\/03\/P3150259-768x432.jpg 768w, https:\/\/www.batxilleratgranes.com\/wp-content\/uploads\/2017\/03\/P3150259-1024x576.jpg 1024w, https:\/\/www.batxilleratgranes.com\/wp-content\/uploads\/2017\/03\/P3150259-650x366.jpg 650w, https:\/\/www.batxilleratgranes.com\/wp-content\/uploads\/2017\/03\/P3150259-960x540.jpg 960w, https:\/\/www.batxilleratgranes.com\/wp-content\/uploads\/2017\/03\/P3150259-1000x563.jpg 1000w\" sizes=\"(max-width: 1200px) 100vw, 1200px\" \/><\/a><\/p>\n<p style=\"text-align: justify;\">El nombr\u00f3s p\u00fablic assistent va poder admirar aix\u00ed aquestes 55 obres que representen\u00a0un <strong>viatge visual per la hist\u00f2ria del teatre<\/strong> a trav\u00e9s dels personatges m\u00e9s \u00a0representatius de la literatura dram\u00e0tica universal.<\/p>\n<p style=\"text-align: justify;\"><a href=\"http:\/\/www.batxilleratgranes.com\/wp-content\/uploads\/2017\/03\/P3150312.jpg\"><img loading=\"lazy\" decoding=\"async\" width=\"1200\" height=\"675\" class=\"alignnone size-full wp-image-7462\" src=\"http:\/\/www.batxilleratgranes.com\/wp-content\/uploads\/2017\/03\/P3150312.jpg\" alt=\"\" srcset=\"https:\/\/www.batxilleratgranes.com\/wp-content\/uploads\/2017\/03\/P3150312.jpg 1200w, https:\/\/www.batxilleratgranes.com\/wp-content\/uploads\/2017\/03\/P3150312-300x169.jpg 300w, https:\/\/www.batxilleratgranes.com\/wp-content\/uploads\/2017\/03\/P3150312-768x432.jpg 768w, https:\/\/www.batxilleratgranes.com\/wp-content\/uploads\/2017\/03\/P3150312-1024x576.jpg 1024w, https:\/\/www.batxilleratgranes.com\/wp-content\/uploads\/2017\/03\/P3150312-650x366.jpg 650w, https:\/\/www.batxilleratgranes.com\/wp-content\/uploads\/2017\/03\/P3150312-960x540.jpg 960w, https:\/\/www.batxilleratgranes.com\/wp-content\/uploads\/2017\/03\/P3150312-1000x563.jpg 1000w\" sizes=\"(max-width: 1200px) 100vw, 1200px\" \/><\/a><\/p>\n<p style=\"text-align: justify;\">Per\u00f2 les sorpreses no acabaren aqu\u00ed. Minuts despr\u00e9s, i acompanyats per la <strong>m\u00fasica\u00a0en directe<\/strong> del tema &#8220;<strong><em>T\u00fa-ti-te-contigo<\/em>&#8220;<\/strong> per part de tres dels alumnes al piano i el viol\u00ed, la resta d&#8217;artistes\u00a0van realitzar una genial actuaci\u00f3 de <strong>dansa contempor\u00e0nia<\/strong>. Amb aquesta darrera actuaci\u00f3 es donava per inaugurada aquesta exposici\u00f3 que es podr\u00e0 visitar <strong>fins al pr\u00f2xim 31 de mar\u00e7<\/strong>.<\/p>\n<p style=\"text-align: justify;\"><a href=\"http:\/\/www.batxilleratgranes.com\/wp-content\/uploads\/2017\/03\/P3150283.jpg\"><img decoding=\"async\" class=\"alignnone size-full wp-image-7463\" src=\"http:\/\/www.batxilleratgranes.com\/wp-content\/uploads\/2017\/03\/P3150283.jpg\" alt=\"Inauguraci\u00f3 Hijxs de las tablas\" \/><\/a><\/p>\n<p>&nbsp;<\/p>\n<h3 style=\"text-align: center;\">Des d&#8217;aqu\u00ed, us volem felicitar a tots per una nit tan m\u00e0gica i plena d&#8217;art!<\/h3>\n","protected":false},"excerpt":{"rendered":"<p>Amb una gran aflu\u00e8ncia de p\u00fablic, la inauguraci\u00f3 de l&#8217;exposici\u00f3 Hijxs de las tablas ahir per part dels alumnes del Batxillerat d&#8217;Arts Esc\u00e8niques de l&#8217;escola va ser tot un \u00e8xit. La Sala d&#8217;Exposicions del Centre C\u00edvic-Parc Sandaru de Barcelona es va omplir de gom a gom entre familiars, amics i personal del centre que van&hellip;&nbsp;<a href=\"https:\/\/www.batxilleratgranes.com\/es\/gran-exit-de-la-inauguracio-dhijxs-de-las-tablas\/\" class=\"\" rel=\"bookmark\">Read More &raquo;<span class=\"screen-reader-text\">Gran \u00e8xit de la inauguraci\u00f3 d&#8217;Hijxs de las tablas<\/span><\/a><\/p>\n","protected":false},"author":5,"featured_media":7463,"comment_status":"open","ping_status":"open","sticky":false,"template":"","format":"standard","meta":{"neve_meta_sidebar":"","neve_meta_container":"","neve_meta_enable_content_width":"","neve_meta_content_width":0,"neve_meta_title_alignment":"","neve_meta_author_avatar":"","neve_post_elements_order":"","neve_meta_disable_header":"","neve_meta_disable_footer":"","neve_meta_disable_title":"","footnotes":""},"categories":[7],"tags":[116,22,379,380,35,378],"class_list":["post-7457","post","type-post","status-publish","format-standard","has-post-thumbnail","hentry","category-centre-batxillerat-granes","tag-art","tag-batxillerat","tag-batxillerat-arts-esceniques","tag-exposicio","tag-granes-batxillerat","tag-hijxsdelastablas"],"yoast_head":"<!-- This site is optimized with the Yoast SEO plugin v23.4 - https:\/\/yoast.com\/wordpress\/plugins\/seo\/ -->\n<title>Gran \u00e8xit de la inauguraci\u00f3 d&#039;Hijxs de las tablas - Gran\u00e9s Batxillerat - Escuela especializada en Bachillerato en Barcelona<\/title>\n<meta name=\"robots\" content=\"index, follow, max-snippet:-1, max-image-preview:large, max-video-preview:-1\" \/>\n<link rel=\"canonical\" href=\"https:\/\/www.batxilleratgranes.com\/es\/gran-exit-de-la-inauguracio-dhijxs-de-las-tablas\/\" \/>\n<meta property=\"og:locale\" content=\"es_ES\" \/>\n<meta property=\"og:type\" content=\"article\" \/>\n<meta property=\"og:title\" content=\"Gran \u00e8xit de la inauguraci\u00f3 d&#039;Hijxs de las tablas - Gran\u00e9s Batxillerat - Escuela especializada en Bachillerato en Barcelona\" \/>\n<meta property=\"og:description\" content=\"Amb una gran aflu\u00e8ncia de p\u00fablic, la inauguraci\u00f3 de l&#8217;exposici\u00f3 Hijxs de las tablas ahir per part dels alumnes del Batxillerat d&#8217;Arts Esc\u00e8niques de l&#8217;escola va ser tot un \u00e8xit. La Sala d&#8217;Exposicions del Centre C\u00edvic-Parc Sandaru de Barcelona es va omplir de gom a gom entre familiars, amics i personal del centre que van&hellip;&nbsp;Read More &raquo;Gran \u00e8xit de la inauguraci\u00f3 d&#8217;Hijxs de las tablas\" \/>\n<meta property=\"og:url\" content=\"https:\/\/www.batxilleratgranes.com\/es\/gran-exit-de-la-inauguracio-dhijxs-de-las-tablas\/\" \/>\n<meta property=\"og:site_name\" content=\"Gran\u00e9s Batxillerat - Escuela especializada en Bachillerato en Barcelona\" \/>\n<meta property=\"article:published_time\" content=\"2017-03-16T12:59:00+00:00\" \/>\n<meta property=\"article:modified_time\" content=\"2017-03-16T13:11:58+00:00\" \/>\n<meta property=\"og:image\" content=\"https:\/\/www.batxilleratgranes.com\/wp-content\/uploads\/2017\/03\/P3150283-e1489669906356.jpg\" \/>\n\t<meta property=\"og:image:width\" content=\"696\" \/>\n\t<meta property=\"og:image:height\" content=\"365\" \/>\n\t<meta property=\"og:image:type\" content=\"image\/jpeg\" \/>\n<meta name=\"author\" content=\"mireia.martinez\" \/>\n<meta name=\"twitter:card\" content=\"summary_large_image\" \/>\n<meta name=\"twitter:label1\" content=\"Written by\" \/>\n\t<meta name=\"twitter:data1\" content=\"mireia.martinez\" \/>\n\t<meta name=\"twitter:label2\" content=\"Est. reading time\" \/>\n\t<meta name=\"twitter:data2\" content=\"1 minute\" \/>\n<script type=\"application\/ld+json\" class=\"yoast-schema-graph\">{\"@context\":\"https:\/\/schema.org\",\"@graph\":[{\"@type\":\"Article\",\"@id\":\"https:\/\/www.batxilleratgranes.com\/es\/gran-exit-de-la-inauguracio-dhijxs-de-las-tablas\/#article\",\"isPartOf\":{\"@id\":\"https:\/\/www.batxilleratgranes.com\/es\/gran-exit-de-la-inauguracio-dhijxs-de-las-tablas\/\"},\"author\":{\"name\":\"mireia.martinez\",\"@id\":\"https:\/\/www.batxilleratgranes.com\/es\/#\/schema\/person\/4e10f231f79e8e2d24629e02b8283201\"},\"headline\":\"Gran \u00e8xit de la inauguraci\u00f3 d&#8217;Hijxs de las tablas\",\"datePublished\":\"2017-03-16T12:59:00+00:00\",\"dateModified\":\"2017-03-16T13:11:58+00:00\",\"mainEntityOfPage\":{\"@id\":\"https:\/\/www.batxilleratgranes.com\/es\/gran-exit-de-la-inauguracio-dhijxs-de-las-tablas\/\"},\"wordCount\":248,\"commentCount\":1,\"publisher\":{\"@id\":\"https:\/\/www.batxilleratgranes.com\/es\/#organization\"},\"image\":{\"@id\":\"https:\/\/www.batxilleratgranes.com\/es\/gran-exit-de-la-inauguracio-dhijxs-de-las-tablas\/#primaryimage\"},\"thumbnailUrl\":\"https:\/\/www.batxilleratgranes.com\/wp-content\/uploads\/2017\/03\/P3150283-e1489669906356.jpg\",\"keywords\":[\"Art\",\"Batxillerat\",\"Batxillerat Arts Esc\u00e8niques\",\"Exposici\u00f3\",\"Gran\u00e9s Batxillerat\",\"Hijxsdelastablas\"],\"articleSection\":[\"Activitats Gran\u00e9s\"],\"inLanguage\":\"es\",\"potentialAction\":[{\"@type\":\"CommentAction\",\"name\":\"Comment\",\"target\":[\"https:\/\/www.batxilleratgranes.com\/es\/gran-exit-de-la-inauguracio-dhijxs-de-las-tablas\/#respond\"]}]},{\"@type\":\"WebPage\",\"@id\":\"https:\/\/www.batxilleratgranes.com\/es\/gran-exit-de-la-inauguracio-dhijxs-de-las-tablas\/\",\"url\":\"https:\/\/www.batxilleratgranes.com\/es\/gran-exit-de-la-inauguracio-dhijxs-de-las-tablas\/\",\"name\":\"Gran \u00e8xit de la inauguraci\u00f3 d'Hijxs de las tablas - Gran\u00e9s Batxillerat - Escuela especializada en Bachillerato en Barcelona\",\"isPartOf\":{\"@id\":\"https:\/\/www.batxilleratgranes.com\/es\/#website\"},\"primaryImageOfPage\":{\"@id\":\"https:\/\/www.batxilleratgranes.com\/es\/gran-exit-de-la-inauguracio-dhijxs-de-las-tablas\/#primaryimage\"},\"image\":{\"@id\":\"https:\/\/www.batxilleratgranes.com\/es\/gran-exit-de-la-inauguracio-dhijxs-de-las-tablas\/#primaryimage\"},\"thumbnailUrl\":\"https:\/\/www.batxilleratgranes.com\/wp-content\/uploads\/2017\/03\/P3150283-e1489669906356.jpg\",\"datePublished\":\"2017-03-16T12:59:00+00:00\",\"dateModified\":\"2017-03-16T13:11:58+00:00\",\"breadcrumb\":{\"@id\":\"https:\/\/www.batxilleratgranes.com\/es\/gran-exit-de-la-inauguracio-dhijxs-de-las-tablas\/#breadcrumb\"},\"inLanguage\":\"es\",\"potentialAction\":[{\"@type\":\"ReadAction\",\"target\":[\"https:\/\/www.batxilleratgranes.com\/es\/gran-exit-de-la-inauguracio-dhijxs-de-las-tablas\/\"]}]},{\"@type\":\"ImageObject\",\"inLanguage\":\"es\",\"@id\":\"https:\/\/www.batxilleratgranes.com\/es\/gran-exit-de-la-inauguracio-dhijxs-de-las-tablas\/#primaryimage\",\"url\":\"https:\/\/www.batxilleratgranes.com\/wp-content\/uploads\/2017\/03\/P3150283-e1489669906356.jpg\",\"contentUrl\":\"https:\/\/www.batxilleratgranes.com\/wp-content\/uploads\/2017\/03\/P3150283-e1489669906356.jpg\",\"width\":696,\"height\":365,\"caption\":\"Inauguraci\u00f3 Hijxs de las tablas\"},{\"@type\":\"BreadcrumbList\",\"@id\":\"https:\/\/www.batxilleratgranes.com\/es\/gran-exit-de-la-inauguracio-dhijxs-de-las-tablas\/#breadcrumb\",\"itemListElement\":[{\"@type\":\"ListItem\",\"position\":1,\"name\":\"Inici\",\"item\":\"https:\/\/www.batxilleratgranes.com\/es\/\"},{\"@type\":\"ListItem\",\"position\":2,\"name\":\"Gran \u00e8xit de la inauguraci\u00f3 d&#8217;Hijxs de las tablas\"}]},{\"@type\":\"WebSite\",\"@id\":\"https:\/\/www.batxilleratgranes.com\/es\/#website\",\"url\":\"https:\/\/www.batxilleratgranes.com\/es\/\",\"name\":\"Gran\u00e9s Batxillerat - Escuela especializada en Bachillerato en Barcelona\",\"description\":\"Escola especialitzada en Batxillerat a Barcelona\",\"publisher\":{\"@id\":\"https:\/\/www.batxilleratgranes.com\/es\/#organization\"},\"potentialAction\":[{\"@type\":\"SearchAction\",\"target\":{\"@type\":\"EntryPoint\",\"urlTemplate\":\"https:\/\/www.batxilleratgranes.com\/es\/?s={search_term_string}\"},\"query-input\":{\"@type\":\"PropertyValueSpecification\",\"valueRequired\":true,\"valueName\":\"search_term_string\"}}],\"inLanguage\":\"es\"},{\"@type\":\"Organization\",\"@id\":\"https:\/\/www.batxilleratgranes.com\/es\/#organization\",\"name\":\"Gran\u00e9s Batxillerat - Escuela especializada en Bachillerato en Barcelona\",\"url\":\"https:\/\/www.batxilleratgranes.com\/es\/\",\"logo\":{\"@type\":\"ImageObject\",\"inLanguage\":\"es\",\"@id\":\"https:\/\/www.batxilleratgranes.com\/es\/#\/schema\/logo\/image\/\",\"url\":\"https:\/\/www.batxilleratgranes.com\/wp-content\/uploads\/2013\/01\/granes1.png\",\"contentUrl\":\"https:\/\/www.batxilleratgranes.com\/wp-content\/uploads\/2013\/01\/granes1.png\",\"width\":292,\"height\":85,\"caption\":\"Gran\u00e9s Batxillerat - Escuela especializada en Bachillerato en Barcelona\"},\"image\":{\"@id\":\"https:\/\/www.batxilleratgranes.com\/es\/#\/schema\/logo\/image\/\"}},{\"@type\":\"Person\",\"@id\":\"https:\/\/www.batxilleratgranes.com\/es\/#\/schema\/person\/4e10f231f79e8e2d24629e02b8283201\",\"name\":\"mireia.martinez\",\"image\":{\"@type\":\"ImageObject\",\"inLanguage\":\"es\",\"@id\":\"https:\/\/www.batxilleratgranes.com\/es\/#\/schema\/person\/image\/\",\"url\":\"https:\/\/secure.gravatar.com\/avatar\/8c952e346979fb1eaf89bbc4dfda29f0?s=96&d=mm&r=g\",\"contentUrl\":\"https:\/\/secure.gravatar.com\/avatar\/8c952e346979fb1eaf89bbc4dfda29f0?s=96&d=mm&r=g\",\"caption\":\"mireia.martinez\"},\"url\":\"https:\/\/www.batxilleratgranes.com\/es\/author\/mireia-martinez\/\"}]}<\/script>\n<!-- \/ Yoast SEO plugin. -->","yoast_head_json":{"title":"Gran \u00e8xit de la inauguraci\u00f3 d'Hijxs de las tablas - Gran\u00e9s Batxillerat - Escuela especializada en Bachillerato en Barcelona","robots":{"index":"index","follow":"follow","max-snippet":"max-snippet:-1","max-image-preview":"max-image-preview:large","max-video-preview":"max-video-preview:-1"},"canonical":"https:\/\/www.batxilleratgranes.com\/es\/gran-exit-de-la-inauguracio-dhijxs-de-las-tablas\/","og_locale":"es_ES","og_type":"article","og_title":"Gran \u00e8xit de la inauguraci\u00f3 d'Hijxs de las tablas - Gran\u00e9s Batxillerat - Escuela especializada en Bachillerato en Barcelona","og_description":"Amb una gran aflu\u00e8ncia de p\u00fablic, la inauguraci\u00f3 de l&#8217;exposici\u00f3 Hijxs de las tablas ahir per part dels alumnes del Batxillerat d&#8217;Arts Esc\u00e8niques de l&#8217;escola va ser tot un \u00e8xit. La Sala d&#8217;Exposicions del Centre C\u00edvic-Parc Sandaru de Barcelona es va omplir de gom a gom entre familiars, amics i personal del centre que van&hellip;&nbsp;Read More &raquo;Gran \u00e8xit de la inauguraci\u00f3 d&#8217;Hijxs de las tablas","og_url":"https:\/\/www.batxilleratgranes.com\/es\/gran-exit-de-la-inauguracio-dhijxs-de-las-tablas\/","og_site_name":"Gran\u00e9s Batxillerat - Escuela especializada en Bachillerato en Barcelona","article_published_time":"2017-03-16T12:59:00+00:00","article_modified_time":"2017-03-16T13:11:58+00:00","og_image":[{"width":696,"height":365,"url":"https:\/\/www.batxilleratgranes.com\/wp-content\/uploads\/2017\/03\/P3150283-e1489669906356.jpg","type":"image\/jpeg"}],"author":"mireia.martinez","twitter_card":"summary_large_image","twitter_misc":{"Written by":"mireia.martinez","Est. reading time":"1 minute"},"schema":{"@context":"https:\/\/schema.org","@graph":[{"@type":"Article","@id":"https:\/\/www.batxilleratgranes.com\/es\/gran-exit-de-la-inauguracio-dhijxs-de-las-tablas\/#article","isPartOf":{"@id":"https:\/\/www.batxilleratgranes.com\/es\/gran-exit-de-la-inauguracio-dhijxs-de-las-tablas\/"},"author":{"name":"mireia.martinez","@id":"https:\/\/www.batxilleratgranes.com\/es\/#\/schema\/person\/4e10f231f79e8e2d24629e02b8283201"},"headline":"Gran \u00e8xit de la inauguraci\u00f3 d&#8217;Hijxs de las tablas","datePublished":"2017-03-16T12:59:00+00:00","dateModified":"2017-03-16T13:11:58+00:00","mainEntityOfPage":{"@id":"https:\/\/www.batxilleratgranes.com\/es\/gran-exit-de-la-inauguracio-dhijxs-de-las-tablas\/"},"wordCount":248,"commentCount":1,"publisher":{"@id":"https:\/\/www.batxilleratgranes.com\/es\/#organization"},"image":{"@id":"https:\/\/www.batxilleratgranes.com\/es\/gran-exit-de-la-inauguracio-dhijxs-de-las-tablas\/#primaryimage"},"thumbnailUrl":"https:\/\/www.batxilleratgranes.com\/wp-content\/uploads\/2017\/03\/P3150283-e1489669906356.jpg","keywords":["Art","Batxillerat","Batxillerat Arts Esc\u00e8niques","Exposici\u00f3","Gran\u00e9s Batxillerat","Hijxsdelastablas"],"articleSection":["Activitats Gran\u00e9s"],"inLanguage":"es","potentialAction":[{"@type":"CommentAction","name":"Comment","target":["https:\/\/www.batxilleratgranes.com\/es\/gran-exit-de-la-inauguracio-dhijxs-de-las-tablas\/#respond"]}]},{"@type":"WebPage","@id":"https:\/\/www.batxilleratgranes.com\/es\/gran-exit-de-la-inauguracio-dhijxs-de-las-tablas\/","url":"https:\/\/www.batxilleratgranes.com\/es\/gran-exit-de-la-inauguracio-dhijxs-de-las-tablas\/","name":"Gran \u00e8xit de la inauguraci\u00f3 d'Hijxs de las tablas - Gran\u00e9s Batxillerat - Escuela especializada en Bachillerato en Barcelona","isPartOf":{"@id":"https:\/\/www.batxilleratgranes.com\/es\/#website"},"primaryImageOfPage":{"@id":"https:\/\/www.batxilleratgranes.com\/es\/gran-exit-de-la-inauguracio-dhijxs-de-las-tablas\/#primaryimage"},"image":{"@id":"https:\/\/www.batxilleratgranes.com\/es\/gran-exit-de-la-inauguracio-dhijxs-de-las-tablas\/#primaryimage"},"thumbnailUrl":"https:\/\/www.batxilleratgranes.com\/wp-content\/uploads\/2017\/03\/P3150283-e1489669906356.jpg","datePublished":"2017-03-16T12:59:00+00:00","dateModified":"2017-03-16T13:11:58+00:00","breadcrumb":{"@id":"https:\/\/www.batxilleratgranes.com\/es\/gran-exit-de-la-inauguracio-dhijxs-de-las-tablas\/#breadcrumb"},"inLanguage":"es","potentialAction":[{"@type":"ReadAction","target":["https:\/\/www.batxilleratgranes.com\/es\/gran-exit-de-la-inauguracio-dhijxs-de-las-tablas\/"]}]},{"@type":"ImageObject","inLanguage":"es","@id":"https:\/\/www.batxilleratgranes.com\/es\/gran-exit-de-la-inauguracio-dhijxs-de-las-tablas\/#primaryimage","url":"https:\/\/www.batxilleratgranes.com\/wp-content\/uploads\/2017\/03\/P3150283-e1489669906356.jpg","contentUrl":"https:\/\/www.batxilleratgranes.com\/wp-content\/uploads\/2017\/03\/P3150283-e1489669906356.jpg","width":696,"height":365,"caption":"Inauguraci\u00f3 Hijxs de las tablas"},{"@type":"BreadcrumbList","@id":"https:\/\/www.batxilleratgranes.com\/es\/gran-exit-de-la-inauguracio-dhijxs-de-las-tablas\/#breadcrumb","itemListElement":[{"@type":"ListItem","position":1,"name":"Inici","item":"https:\/\/www.batxilleratgranes.com\/es\/"},{"@type":"ListItem","position":2,"name":"Gran \u00e8xit de la inauguraci\u00f3 d&#8217;Hijxs de las tablas"}]},{"@type":"WebSite","@id":"https:\/\/www.batxilleratgranes.com\/es\/#website","url":"https:\/\/www.batxilleratgranes.com\/es\/","name":"Gran\u00e9s Batxillerat - Escuela especializada en Bachillerato en Barcelona","description":"Escola especialitzada en Batxillerat a Barcelona","publisher":{"@id":"https:\/\/www.batxilleratgranes.com\/es\/#organization"},"potentialAction":[{"@type":"SearchAction","target":{"@type":"EntryPoint","urlTemplate":"https:\/\/www.batxilleratgranes.com\/es\/?s={search_term_string}"},"query-input":{"@type":"PropertyValueSpecification","valueRequired":true,"valueName":"search_term_string"}}],"inLanguage":"es"},{"@type":"Organization","@id":"https:\/\/www.batxilleratgranes.com\/es\/#organization","name":"Gran\u00e9s Batxillerat - Escuela especializada en Bachillerato en Barcelona","url":"https:\/\/www.batxilleratgranes.com\/es\/","logo":{"@type":"ImageObject","inLanguage":"es","@id":"https:\/\/www.batxilleratgranes.com\/es\/#\/schema\/logo\/image\/","url":"https:\/\/www.batxilleratgranes.com\/wp-content\/uploads\/2013\/01\/granes1.png","contentUrl":"https:\/\/www.batxilleratgranes.com\/wp-content\/uploads\/2013\/01\/granes1.png","width":292,"height":85,"caption":"Gran\u00e9s Batxillerat - Escuela especializada en Bachillerato en Barcelona"},"image":{"@id":"https:\/\/www.batxilleratgranes.com\/es\/#\/schema\/logo\/image\/"}},{"@type":"Person","@id":"https:\/\/www.batxilleratgranes.com\/es\/#\/schema\/person\/4e10f231f79e8e2d24629e02b8283201","name":"mireia.martinez","image":{"@type":"ImageObject","inLanguage":"es","@id":"https:\/\/www.batxilleratgranes.com\/es\/#\/schema\/person\/image\/","url":"https:\/\/secure.gravatar.com\/avatar\/8c952e346979fb1eaf89bbc4dfda29f0?s=96&d=mm&r=g","contentUrl":"https:\/\/secure.gravatar.com\/avatar\/8c952e346979fb1eaf89bbc4dfda29f0?s=96&d=mm&r=g","caption":"mireia.martinez"},"url":"https:\/\/www.batxilleratgranes.com\/es\/author\/mireia-martinez\/"}]}},"_links":{"self":[{"href":"https:\/\/www.batxilleratgranes.com\/es\/wp-json\/wp\/v2\/posts\/7457"}],"collection":[{"href":"https:\/\/www.batxilleratgranes.com\/es\/wp-json\/wp\/v2\/posts"}],"about":[{"href":"https:\/\/www.batxilleratgranes.com\/es\/wp-json\/wp\/v2\/types\/post"}],"author":[{"embeddable":true,"href":"https:\/\/www.batxilleratgranes.com\/es\/wp-json\/wp\/v2\/users\/5"}],"replies":[{"embeddable":true,"href":"https:\/\/www.batxilleratgranes.com\/es\/wp-json\/wp\/v2\/comments?post=7457"}],"version-history":[{"count":3,"href":"https:\/\/www.batxilleratgranes.com\/es\/wp-json\/wp\/v2\/posts\/7457\/revisions"}],"predecessor-version":[{"id":7468,"href":"https:\/\/www.batxilleratgranes.com\/es\/wp-json\/wp\/v2\/posts\/7457\/revisions\/7468"}],"wp:featuredmedia":[{"embeddable":true,"href":"https:\/\/www.batxilleratgranes.com\/es\/wp-json\/wp\/v2\/media\/7463"}],"wp:attachment":[{"href":"https:\/\/www.batxilleratgranes.com\/es\/wp-json\/wp\/v2\/media?parent=7457"}],"wp:term":[{"taxonomy":"category","embeddable":true,"href":"https:\/\/www.batxilleratgranes.com\/es\/wp-json\/wp\/v2\/categories?post=7457"},{"taxonomy":"post_tag","embeddable":true,"href":"https:\/\/www.batxilleratgranes.com\/es\/wp-json\/wp\/v2\/tags?post=7457"}],"curies":[{"name":"wp","href":"https:\/\/api.w.org\/{rel}","templated":true}]}}