{"id":8437,"date":"2018-02-07T13:17:05","date_gmt":"2018-02-07T13:17:05","guid":{"rendered":"http:\/\/www.batxilleratgranes.com\/?p=8437"},"modified":"2018-02-07T13:17:05","modified_gmt":"2018-02-07T13:17:05","slug":"la-maternitat-delna-al-poliorama","status":"publish","type":"post","link":"https:\/\/www.batxilleratgranes.com\/es\/la-maternitat-delna-al-poliorama\/","title":{"rendered":"La Maternitat d&#8217;Elna, al Poliorama"},"content":{"rendered":"<div class=\"capceleraFitxaProd\">\n<div class=\"row\">\n<div class=\"columns medium-8 small-12\">\n<div class=\"slideFitxa\">\n<div class=\"titolSlide\">\n<div class=\"row\">\n<div class=\"columns small-12 text-center\">\n<p style=\"text-align: justify;\">En tres \u00faniques funcions, que tindran lloc els pr\u00f2xims dies <strong>6, 13 i 20 de mar\u00e7<\/strong>, <em><strong>La Maternitat d&#8217;Elna<\/strong><\/em>\u00a0s&#8217;instal\u00b7la ara, despr\u00e9s de passar per diversos escenaris, al <strong>Teatre Poliorama<\/strong> de Barcelona per portar a escena la hist\u00f2ria de l&#8217;<strong>Elisabeth Eidenbenz<\/strong>, impulsora d&#8217;una maternitat a la Catalunya del Nord al final de la Guerra Civil Espanyola.<\/p>\n<p><a href=\"http:\/\/www.batxilleratgranes.com\/wp-content\/uploads\/2018\/02\/phpThumb_generated_thumbnail.jpg\"><img loading=\"lazy\" decoding=\"async\" width=\"1200\" height=\"800\" class=\"alignnone size-full wp-image-8446\" src=\"http:\/\/www.batxilleratgranes.com\/wp-content\/uploads\/2018\/02\/phpThumb_generated_thumbnail.jpg\" alt=\"\" srcset=\"https:\/\/www.batxilleratgranes.com\/wp-content\/uploads\/2018\/02\/phpThumb_generated_thumbnail.jpg 1200w, https:\/\/www.batxilleratgranes.com\/wp-content\/uploads\/2018\/02\/phpThumb_generated_thumbnail-300x200.jpg 300w, https:\/\/www.batxilleratgranes.com\/wp-content\/uploads\/2018\/02\/phpThumb_generated_thumbnail-768x512.jpg 768w, https:\/\/www.batxilleratgranes.com\/wp-content\/uploads\/2018\/02\/phpThumb_generated_thumbnail-1024x683.jpg 1024w, https:\/\/www.batxilleratgranes.com\/wp-content\/uploads\/2018\/02\/phpThumb_generated_thumbnail-650x433.jpg 650w, https:\/\/www.batxilleratgranes.com\/wp-content\/uploads\/2018\/02\/phpThumb_generated_thumbnail-134x90.jpg 134w, https:\/\/www.batxilleratgranes.com\/wp-content\/uploads\/2018\/02\/phpThumb_generated_thumbnail-960x640.jpg 960w, https:\/\/www.batxilleratgranes.com\/wp-content\/uploads\/2018\/02\/phpThumb_generated_thumbnail-1000x667.jpg 1000w\" sizes=\"(max-width: 1200px) 100vw, 1200px\" \/><\/a><\/p>\n<p style=\"text-align: justify;\">Protagonitzada per l&#8217;actriu\u00a0<strong>Rosa Galindo<\/strong> i el<strong>\u00a0<\/strong>pianista\u00a0Franco Piccinno, l&#8217;obra \u00e9s un colpidor cant a l&#8217;esperan\u00e7a, enmig del drama de l&#8217;exili i de la trag\u00e8dia col\u00b7lectiva en els camps de concentraci\u00f3 francesos com el d\u2019Argelers.\u00a0\u00a0<em>La Maternitat d\u2019Elna<\/em>\u00a0parla del que va ser capa\u00e7 de fer la jove Eidenbenz, per salvar les dones embarassades d\u2019haver de patir el part en les p\u00e8ssimes condicions d&#8217;aquests camps.<\/p>\n<p><a href=\"http:\/\/www.batxilleratgranes.com\/wp-content\/uploads\/2018\/02\/la-maternitat-d73620.jpg\"><img loading=\"lazy\" decoding=\"async\" width=\"1200\" height=\"800\" class=\"alignnone size-full wp-image-8441\" src=\"http:\/\/www.batxilleratgranes.com\/wp-content\/uploads\/2018\/02\/la-maternitat-d73620.jpg\" alt=\"\" srcset=\"https:\/\/www.batxilleratgranes.com\/wp-content\/uploads\/2018\/02\/la-maternitat-d73620.jpg 1200w, https:\/\/www.batxilleratgranes.com\/wp-content\/uploads\/2018\/02\/la-maternitat-d73620-300x200.jpg 300w, https:\/\/www.batxilleratgranes.com\/wp-content\/uploads\/2018\/02\/la-maternitat-d73620-768x512.jpg 768w, https:\/\/www.batxilleratgranes.com\/wp-content\/uploads\/2018\/02\/la-maternitat-d73620-1024x683.jpg 1024w, https:\/\/www.batxilleratgranes.com\/wp-content\/uploads\/2018\/02\/la-maternitat-d73620-650x433.jpg 650w, https:\/\/www.batxilleratgranes.com\/wp-content\/uploads\/2018\/02\/la-maternitat-d73620-134x90.jpg 134w, https:\/\/www.batxilleratgranes.com\/wp-content\/uploads\/2018\/02\/la-maternitat-d73620-960x640.jpg 960w, https:\/\/www.batxilleratgranes.com\/wp-content\/uploads\/2018\/02\/la-maternitat-d73620-1000x667.jpg 1000w\" sizes=\"(max-width: 1200px) 100vw, 1200px\" \/><\/a><\/p>\n<\/div>\n<p style=\"text-align: justify;\">El muntatge de la companyia Projecte Galilei\u00a0adapta el llibre hom\u00f2nim d\u2019<strong>Assumpta Montell\u00e0<\/strong> sobre les dones embarassades que s\u2019hi van haver d\u2019exiliar l\u2019any 1939.\u00a0L\u2019espectacle, amb dramat\u00fargia de Pablo Ley, porta la direcci\u00f3 de <strong>Josep Galindo<\/strong>, tamb\u00e9 director d&#8217;<strong>E\u00f2lia<\/strong>, juntament amb Rosa Galindo<\/p>\n<p style=\"text-align: center;\"><a href=\"http:\/\/www.batxilleratgranes.com\/wp-content\/uploads\/2018\/02\/Cartell-Maternitat-dElna-390x526.jpg\"><img loading=\"lazy\" decoding=\"async\" width=\"390\" height=\"526\" class=\"alignnone size-full wp-image-8442\" src=\"http:\/\/www.batxilleratgranes.com\/wp-content\/uploads\/2018\/02\/Cartell-Maternitat-dElna-390x526.jpg\" alt=\"\" srcset=\"https:\/\/www.batxilleratgranes.com\/wp-content\/uploads\/2018\/02\/Cartell-Maternitat-dElna-390x526.jpg 390w, https:\/\/www.batxilleratgranes.com\/wp-content\/uploads\/2018\/02\/Cartell-Maternitat-dElna-390x526-222x300.jpg 222w\" sizes=\"(max-width: 390px) 100vw, 390px\" \/><\/a><\/p>\n<\/div>\n<\/div>\n<\/div>\n<\/div>\n<\/div>\n<\/div>\n<div class=\"row\"><\/div>\n","protected":false},"excerpt":{"rendered":"<p>En tres \u00faniques funcions, que tindran lloc els pr\u00f2xims dies 6, 13 i 20 de mar\u00e7, La Maternitat d&#8217;Elna\u00a0s&#8217;instal\u00b7la ara, despr\u00e9s de passar per diversos escenaris, al Teatre Poliorama de Barcelona per portar a escena la hist\u00f2ria de l&#8217;Elisabeth Eidenbenz, impulsora d&#8217;una maternitat a la Catalunya del Nord al final de la Guerra Civil Espanyola.&hellip;&nbsp;<a href=\"https:\/\/www.batxilleratgranes.com\/es\/la-maternitat-delna-al-poliorama\/\" class=\"\" rel=\"bookmark\">Read More &raquo;<span class=\"screen-reader-text\">La Maternitat d&#8217;Elna, al Poliorama<\/span><\/a><\/p>\n","protected":false},"author":5,"featured_media":8443,"comment_status":"open","ping_status":"open","sticky":false,"template":"","format":"standard","meta":{"neve_meta_sidebar":"","neve_meta_container":"","neve_meta_enable_content_width":"","neve_meta_content_width":0,"neve_meta_title_alignment":"","neve_meta_author_avatar":"","neve_post_elements_order":"","neve_meta_disable_header":"","neve_meta_disable_footer":"","neve_meta_disable_title":"","footnotes":""},"categories":[7],"tags":[487,491,71,486,490,485,488,489],"class_list":["post-8437","post","type-post","status-publish","format-standard","has-post-thumbnail","hentry","category-centre-batxillerat-granes","tag-camps-refugiats","tag-elisabeth-eidenbenz","tag-eolia","tag-guerra-civil-espanyola","tag-josep-galindo","tag-la-maternitat-delna","tag-poliorama","tag-rosa-galindo"],"yoast_head":"<!-- This site is optimized with the Yoast SEO plugin v23.4 - https:\/\/yoast.com\/wordpress\/plugins\/seo\/ -->\n<title>La Maternitat d&#039;Elna, al Poliorama - Gran\u00e9s Batxillerat - Escuela especializada en Bachillerato en Barcelona<\/title>\n<meta name=\"robots\" content=\"index, follow, max-snippet:-1, max-image-preview:large, max-video-preview:-1\" \/>\n<link rel=\"canonical\" href=\"https:\/\/www.batxilleratgranes.com\/es\/la-maternitat-delna-al-poliorama\/\" \/>\n<meta property=\"og:locale\" content=\"es_ES\" \/>\n<meta property=\"og:type\" content=\"article\" \/>\n<meta property=\"og:title\" content=\"La Maternitat d&#039;Elna, al Poliorama - Gran\u00e9s Batxillerat - Escuela especializada en Bachillerato en Barcelona\" \/>\n<meta property=\"og:description\" content=\"En tres \u00faniques funcions, que tindran lloc els pr\u00f2xims dies 6, 13 i 20 de mar\u00e7, La Maternitat d&#8217;Elna\u00a0s&#8217;instal\u00b7la ara, despr\u00e9s de passar per diversos escenaris, al Teatre Poliorama de Barcelona per portar a escena la hist\u00f2ria de l&#8217;Elisabeth Eidenbenz, impulsora d&#8217;una maternitat a la Catalunya del Nord al final de la Guerra Civil Espanyola.&hellip;&nbsp;Read More &raquo;La Maternitat d&#8217;Elna, al Poliorama\" \/>\n<meta property=\"og:url\" content=\"https:\/\/www.batxilleratgranes.com\/es\/la-maternitat-delna-al-poliorama\/\" \/>\n<meta property=\"og:site_name\" content=\"Gran\u00e9s Batxillerat - Escuela especializada en Bachillerato en Barcelona\" \/>\n<meta property=\"article:published_time\" content=\"2018-02-07T13:17:05+00:00\" \/>\n<meta property=\"og:image\" content=\"https:\/\/www.batxilleratgranes.com\/wp-content\/uploads\/2018\/02\/lamaternitat_esp.jpg\" \/>\n\t<meta property=\"og:image:width\" content=\"725\" \/>\n\t<meta property=\"og:image:height\" content=\"320\" \/>\n\t<meta property=\"og:image:type\" content=\"image\/jpeg\" \/>\n<meta name=\"author\" content=\"mireia.martinez\" \/>\n<meta name=\"twitter:card\" content=\"summary_large_image\" \/>\n<meta name=\"twitter:label1\" content=\"Written by\" \/>\n\t<meta name=\"twitter:data1\" content=\"mireia.martinez\" \/>\n\t<meta name=\"twitter:label2\" content=\"Est. reading time\" \/>\n\t<meta name=\"twitter:data2\" content=\"1 minute\" \/>\n<script type=\"application\/ld+json\" class=\"yoast-schema-graph\">{\"@context\":\"https:\/\/schema.org\",\"@graph\":[{\"@type\":\"Article\",\"@id\":\"https:\/\/www.batxilleratgranes.com\/es\/la-maternitat-delna-al-poliorama\/#article\",\"isPartOf\":{\"@id\":\"https:\/\/www.batxilleratgranes.com\/es\/la-maternitat-delna-al-poliorama\/\"},\"author\":{\"name\":\"mireia.martinez\",\"@id\":\"https:\/\/www.batxilleratgranes.com\/es\/#\/schema\/person\/4e10f231f79e8e2d24629e02b8283201\"},\"headline\":\"La Maternitat d&#8217;Elna, al Poliorama\",\"datePublished\":\"2018-02-07T13:17:05+00:00\",\"dateModified\":\"2018-02-07T13:17:05+00:00\",\"mainEntityOfPage\":{\"@id\":\"https:\/\/www.batxilleratgranes.com\/es\/la-maternitat-delna-al-poliorama\/\"},\"wordCount\":196,\"commentCount\":0,\"publisher\":{\"@id\":\"https:\/\/www.batxilleratgranes.com\/es\/#organization\"},\"image\":{\"@id\":\"https:\/\/www.batxilleratgranes.com\/es\/la-maternitat-delna-al-poliorama\/#primaryimage\"},\"thumbnailUrl\":\"https:\/\/www.batxilleratgranes.com\/wp-content\/uploads\/2018\/02\/lamaternitat_esp.jpg\",\"keywords\":[\"Camps refugiats\",\"Elisabeth Eidenbenz\",\"E\u00f2lia\",\"Guerra Civil espanyola\",\"Josep Galindo\",\"La Maternitat d'Elna\",\"Poliorama\",\"Rosa Galindo\"],\"articleSection\":[\"Activitats Gran\u00e9s\"],\"inLanguage\":\"es\",\"potentialAction\":[{\"@type\":\"CommentAction\",\"name\":\"Comment\",\"target\":[\"https:\/\/www.batxilleratgranes.com\/es\/la-maternitat-delna-al-poliorama\/#respond\"]}]},{\"@type\":\"WebPage\",\"@id\":\"https:\/\/www.batxilleratgranes.com\/es\/la-maternitat-delna-al-poliorama\/\",\"url\":\"https:\/\/www.batxilleratgranes.com\/es\/la-maternitat-delna-al-poliorama\/\",\"name\":\"La Maternitat d'Elna, al Poliorama - Gran\u00e9s Batxillerat - Escuela especializada en Bachillerato en Barcelona\",\"isPartOf\":{\"@id\":\"https:\/\/www.batxilleratgranes.com\/es\/#website\"},\"primaryImageOfPage\":{\"@id\":\"https:\/\/www.batxilleratgranes.com\/es\/la-maternitat-delna-al-poliorama\/#primaryimage\"},\"image\":{\"@id\":\"https:\/\/www.batxilleratgranes.com\/es\/la-maternitat-delna-al-poliorama\/#primaryimage\"},\"thumbnailUrl\":\"https:\/\/www.batxilleratgranes.com\/wp-content\/uploads\/2018\/02\/lamaternitat_esp.jpg\",\"datePublished\":\"2018-02-07T13:17:05+00:00\",\"dateModified\":\"2018-02-07T13:17:05+00:00\",\"breadcrumb\":{\"@id\":\"https:\/\/www.batxilleratgranes.com\/es\/la-maternitat-delna-al-poliorama\/#breadcrumb\"},\"inLanguage\":\"es\",\"potentialAction\":[{\"@type\":\"ReadAction\",\"target\":[\"https:\/\/www.batxilleratgranes.com\/es\/la-maternitat-delna-al-poliorama\/\"]}]},{\"@type\":\"ImageObject\",\"inLanguage\":\"es\",\"@id\":\"https:\/\/www.batxilleratgranes.com\/es\/la-maternitat-delna-al-poliorama\/#primaryimage\",\"url\":\"https:\/\/www.batxilleratgranes.com\/wp-content\/uploads\/2018\/02\/lamaternitat_esp.jpg\",\"contentUrl\":\"https:\/\/www.batxilleratgranes.com\/wp-content\/uploads\/2018\/02\/lamaternitat_esp.jpg\",\"width\":725,\"height\":320,\"caption\":\"La Maternitat d'Elna\"},{\"@type\":\"BreadcrumbList\",\"@id\":\"https:\/\/www.batxilleratgranes.com\/es\/la-maternitat-delna-al-poliorama\/#breadcrumb\",\"itemListElement\":[{\"@type\":\"ListItem\",\"position\":1,\"name\":\"Inici\",\"item\":\"https:\/\/www.batxilleratgranes.com\/es\/\"},{\"@type\":\"ListItem\",\"position\":2,\"name\":\"La Maternitat d&#8217;Elna, al Poliorama\"}]},{\"@type\":\"WebSite\",\"@id\":\"https:\/\/www.batxilleratgranes.com\/es\/#website\",\"url\":\"https:\/\/www.batxilleratgranes.com\/es\/\",\"name\":\"Gran\u00e9s Batxillerat - Escuela especializada en Bachillerato en Barcelona\",\"description\":\"Escola especialitzada en Batxillerat a Barcelona\",\"publisher\":{\"@id\":\"https:\/\/www.batxilleratgranes.com\/es\/#organization\"},\"potentialAction\":[{\"@type\":\"SearchAction\",\"target\":{\"@type\":\"EntryPoint\",\"urlTemplate\":\"https:\/\/www.batxilleratgranes.com\/es\/?s={search_term_string}\"},\"query-input\":{\"@type\":\"PropertyValueSpecification\",\"valueRequired\":true,\"valueName\":\"search_term_string\"}}],\"inLanguage\":\"es\"},{\"@type\":\"Organization\",\"@id\":\"https:\/\/www.batxilleratgranes.com\/es\/#organization\",\"name\":\"Gran\u00e9s Batxillerat - Escuela especializada en Bachillerato en Barcelona\",\"url\":\"https:\/\/www.batxilleratgranes.com\/es\/\",\"logo\":{\"@type\":\"ImageObject\",\"inLanguage\":\"es\",\"@id\":\"https:\/\/www.batxilleratgranes.com\/es\/#\/schema\/logo\/image\/\",\"url\":\"https:\/\/www.batxilleratgranes.com\/wp-content\/uploads\/2013\/01\/granes1.png\",\"contentUrl\":\"https:\/\/www.batxilleratgranes.com\/wp-content\/uploads\/2013\/01\/granes1.png\",\"width\":292,\"height\":85,\"caption\":\"Gran\u00e9s Batxillerat - Escuela especializada en Bachillerato en Barcelona\"},\"image\":{\"@id\":\"https:\/\/www.batxilleratgranes.com\/es\/#\/schema\/logo\/image\/\"}},{\"@type\":\"Person\",\"@id\":\"https:\/\/www.batxilleratgranes.com\/es\/#\/schema\/person\/4e10f231f79e8e2d24629e02b8283201\",\"name\":\"mireia.martinez\",\"image\":{\"@type\":\"ImageObject\",\"inLanguage\":\"es\",\"@id\":\"https:\/\/www.batxilleratgranes.com\/es\/#\/schema\/person\/image\/\",\"url\":\"https:\/\/secure.gravatar.com\/avatar\/8c952e346979fb1eaf89bbc4dfda29f0?s=96&d=mm&r=g\",\"contentUrl\":\"https:\/\/secure.gravatar.com\/avatar\/8c952e346979fb1eaf89bbc4dfda29f0?s=96&d=mm&r=g\",\"caption\":\"mireia.martinez\"},\"url\":\"https:\/\/www.batxilleratgranes.com\/es\/author\/mireia-martinez\/\"}]}<\/script>\n<!-- \/ Yoast SEO plugin. -->","yoast_head_json":{"title":"La Maternitat d'Elna, al Poliorama - Gran\u00e9s Batxillerat - Escuela especializada en Bachillerato en Barcelona","robots":{"index":"index","follow":"follow","max-snippet":"max-snippet:-1","max-image-preview":"max-image-preview:large","max-video-preview":"max-video-preview:-1"},"canonical":"https:\/\/www.batxilleratgranes.com\/es\/la-maternitat-delna-al-poliorama\/","og_locale":"es_ES","og_type":"article","og_title":"La Maternitat d'Elna, al Poliorama - Gran\u00e9s Batxillerat - Escuela especializada en Bachillerato en Barcelona","og_description":"En tres \u00faniques funcions, que tindran lloc els pr\u00f2xims dies 6, 13 i 20 de mar\u00e7, La Maternitat d&#8217;Elna\u00a0s&#8217;instal\u00b7la ara, despr\u00e9s de passar per diversos escenaris, al Teatre Poliorama de Barcelona per portar a escena la hist\u00f2ria de l&#8217;Elisabeth Eidenbenz, impulsora d&#8217;una maternitat a la Catalunya del Nord al final de la Guerra Civil Espanyola.&hellip;&nbsp;Read More &raquo;La Maternitat d&#8217;Elna, al Poliorama","og_url":"https:\/\/www.batxilleratgranes.com\/es\/la-maternitat-delna-al-poliorama\/","og_site_name":"Gran\u00e9s Batxillerat - Escuela especializada en Bachillerato en Barcelona","article_published_time":"2018-02-07T13:17:05+00:00","og_image":[{"width":725,"height":320,"url":"https:\/\/www.batxilleratgranes.com\/wp-content\/uploads\/2018\/02\/lamaternitat_esp.jpg","type":"image\/jpeg"}],"author":"mireia.martinez","twitter_card":"summary_large_image","twitter_misc":{"Written by":"mireia.martinez","Est. reading time":"1 minute"},"schema":{"@context":"https:\/\/schema.org","@graph":[{"@type":"Article","@id":"https:\/\/www.batxilleratgranes.com\/es\/la-maternitat-delna-al-poliorama\/#article","isPartOf":{"@id":"https:\/\/www.batxilleratgranes.com\/es\/la-maternitat-delna-al-poliorama\/"},"author":{"name":"mireia.martinez","@id":"https:\/\/www.batxilleratgranes.com\/es\/#\/schema\/person\/4e10f231f79e8e2d24629e02b8283201"},"headline":"La Maternitat d&#8217;Elna, al Poliorama","datePublished":"2018-02-07T13:17:05+00:00","dateModified":"2018-02-07T13:17:05+00:00","mainEntityOfPage":{"@id":"https:\/\/www.batxilleratgranes.com\/es\/la-maternitat-delna-al-poliorama\/"},"wordCount":196,"commentCount":0,"publisher":{"@id":"https:\/\/www.batxilleratgranes.com\/es\/#organization"},"image":{"@id":"https:\/\/www.batxilleratgranes.com\/es\/la-maternitat-delna-al-poliorama\/#primaryimage"},"thumbnailUrl":"https:\/\/www.batxilleratgranes.com\/wp-content\/uploads\/2018\/02\/lamaternitat_esp.jpg","keywords":["Camps refugiats","Elisabeth Eidenbenz","E\u00f2lia","Guerra Civil espanyola","Josep Galindo","La Maternitat d'Elna","Poliorama","Rosa Galindo"],"articleSection":["Activitats Gran\u00e9s"],"inLanguage":"es","potentialAction":[{"@type":"CommentAction","name":"Comment","target":["https:\/\/www.batxilleratgranes.com\/es\/la-maternitat-delna-al-poliorama\/#respond"]}]},{"@type":"WebPage","@id":"https:\/\/www.batxilleratgranes.com\/es\/la-maternitat-delna-al-poliorama\/","url":"https:\/\/www.batxilleratgranes.com\/es\/la-maternitat-delna-al-poliorama\/","name":"La Maternitat d'Elna, al Poliorama - Gran\u00e9s Batxillerat - Escuela especializada en Bachillerato en Barcelona","isPartOf":{"@id":"https:\/\/www.batxilleratgranes.com\/es\/#website"},"primaryImageOfPage":{"@id":"https:\/\/www.batxilleratgranes.com\/es\/la-maternitat-delna-al-poliorama\/#primaryimage"},"image":{"@id":"https:\/\/www.batxilleratgranes.com\/es\/la-maternitat-delna-al-poliorama\/#primaryimage"},"thumbnailUrl":"https:\/\/www.batxilleratgranes.com\/wp-content\/uploads\/2018\/02\/lamaternitat_esp.jpg","datePublished":"2018-02-07T13:17:05+00:00","dateModified":"2018-02-07T13:17:05+00:00","breadcrumb":{"@id":"https:\/\/www.batxilleratgranes.com\/es\/la-maternitat-delna-al-poliorama\/#breadcrumb"},"inLanguage":"es","potentialAction":[{"@type":"ReadAction","target":["https:\/\/www.batxilleratgranes.com\/es\/la-maternitat-delna-al-poliorama\/"]}]},{"@type":"ImageObject","inLanguage":"es","@id":"https:\/\/www.batxilleratgranes.com\/es\/la-maternitat-delna-al-poliorama\/#primaryimage","url":"https:\/\/www.batxilleratgranes.com\/wp-content\/uploads\/2018\/02\/lamaternitat_esp.jpg","contentUrl":"https:\/\/www.batxilleratgranes.com\/wp-content\/uploads\/2018\/02\/lamaternitat_esp.jpg","width":725,"height":320,"caption":"La Maternitat d'Elna"},{"@type":"BreadcrumbList","@id":"https:\/\/www.batxilleratgranes.com\/es\/la-maternitat-delna-al-poliorama\/#breadcrumb","itemListElement":[{"@type":"ListItem","position":1,"name":"Inici","item":"https:\/\/www.batxilleratgranes.com\/es\/"},{"@type":"ListItem","position":2,"name":"La Maternitat d&#8217;Elna, al Poliorama"}]},{"@type":"WebSite","@id":"https:\/\/www.batxilleratgranes.com\/es\/#website","url":"https:\/\/www.batxilleratgranes.com\/es\/","name":"Gran\u00e9s Batxillerat - Escuela especializada en Bachillerato en Barcelona","description":"Escola especialitzada en Batxillerat a Barcelona","publisher":{"@id":"https:\/\/www.batxilleratgranes.com\/es\/#organization"},"potentialAction":[{"@type":"SearchAction","target":{"@type":"EntryPoint","urlTemplate":"https:\/\/www.batxilleratgranes.com\/es\/?s={search_term_string}"},"query-input":{"@type":"PropertyValueSpecification","valueRequired":true,"valueName":"search_term_string"}}],"inLanguage":"es"},{"@type":"Organization","@id":"https:\/\/www.batxilleratgranes.com\/es\/#organization","name":"Gran\u00e9s Batxillerat - Escuela especializada en Bachillerato en Barcelona","url":"https:\/\/www.batxilleratgranes.com\/es\/","logo":{"@type":"ImageObject","inLanguage":"es","@id":"https:\/\/www.batxilleratgranes.com\/es\/#\/schema\/logo\/image\/","url":"https:\/\/www.batxilleratgranes.com\/wp-content\/uploads\/2013\/01\/granes1.png","contentUrl":"https:\/\/www.batxilleratgranes.com\/wp-content\/uploads\/2013\/01\/granes1.png","width":292,"height":85,"caption":"Gran\u00e9s Batxillerat - Escuela especializada en Bachillerato en Barcelona"},"image":{"@id":"https:\/\/www.batxilleratgranes.com\/es\/#\/schema\/logo\/image\/"}},{"@type":"Person","@id":"https:\/\/www.batxilleratgranes.com\/es\/#\/schema\/person\/4e10f231f79e8e2d24629e02b8283201","name":"mireia.martinez","image":{"@type":"ImageObject","inLanguage":"es","@id":"https:\/\/www.batxilleratgranes.com\/es\/#\/schema\/person\/image\/","url":"https:\/\/secure.gravatar.com\/avatar\/8c952e346979fb1eaf89bbc4dfda29f0?s=96&d=mm&r=g","contentUrl":"https:\/\/secure.gravatar.com\/avatar\/8c952e346979fb1eaf89bbc4dfda29f0?s=96&d=mm&r=g","caption":"mireia.martinez"},"url":"https:\/\/www.batxilleratgranes.com\/es\/author\/mireia-martinez\/"}]}},"_links":{"self":[{"href":"https:\/\/www.batxilleratgranes.com\/es\/wp-json\/wp\/v2\/posts\/8437"}],"collection":[{"href":"https:\/\/www.batxilleratgranes.com\/es\/wp-json\/wp\/v2\/posts"}],"about":[{"href":"https:\/\/www.batxilleratgranes.com\/es\/wp-json\/wp\/v2\/types\/post"}],"author":[{"embeddable":true,"href":"https:\/\/www.batxilleratgranes.com\/es\/wp-json\/wp\/v2\/users\/5"}],"replies":[{"embeddable":true,"href":"https:\/\/www.batxilleratgranes.com\/es\/wp-json\/wp\/v2\/comments?post=8437"}],"version-history":[{"count":2,"href":"https:\/\/www.batxilleratgranes.com\/es\/wp-json\/wp\/v2\/posts\/8437\/revisions"}],"predecessor-version":[{"id":8447,"href":"https:\/\/www.batxilleratgranes.com\/es\/wp-json\/wp\/v2\/posts\/8437\/revisions\/8447"}],"wp:featuredmedia":[{"embeddable":true,"href":"https:\/\/www.batxilleratgranes.com\/es\/wp-json\/wp\/v2\/media\/8443"}],"wp:attachment":[{"href":"https:\/\/www.batxilleratgranes.com\/es\/wp-json\/wp\/v2\/media?parent=8437"}],"wp:term":[{"taxonomy":"category","embeddable":true,"href":"https:\/\/www.batxilleratgranes.com\/es\/wp-json\/wp\/v2\/categories?post=8437"},{"taxonomy":"post_tag","embeddable":true,"href":"https:\/\/www.batxilleratgranes.com\/es\/wp-json\/wp\/v2\/tags?post=8437"}],"curies":[{"name":"wp","href":"https:\/\/api.w.org\/{rel}","templated":true}]}}