{"id":9305,"date":"2018-09-29T08:01:00","date_gmt":"2018-09-29T08:01:00","guid":{"rendered":"http:\/\/www.batxilleratgranes.com\/?p=9305"},"modified":"2019-09-05T12:01:21","modified_gmt":"2019-09-05T12:01:21","slug":"una-sortida-de-convivencia-dalcada","status":"publish","type":"post","link":"https:\/\/www.batxilleratgranes.com\/es\/una-sortida-de-convivencia-dalcada\/","title":{"rendered":"Una sortida de conviv\u00e8ncia d&#8217;al\u00e7ada!"},"content":{"rendered":"<p style=\"text-align: justify;\">Aquest dimecres vam fer la primera sortida de l&#8217;escola, una sortida de germanor amb l&#8217;objectiu que tant alumnes com professors poguessin compartir una bona estona d&#8217;oci i con\u00e8ixer-se millor.<\/p>\n<p><a href=\"http:\/\/www.batxilleratgranes.com\/wp-content\/uploads\/2018\/09\/Captura.jpg\"><img loading=\"lazy\" decoding=\"async\" width=\"730\" height=\"406\" class=\"size-full wp-image-9310 aligncenter\" src=\"http:\/\/www.batxilleratgranes.com\/wp-content\/uploads\/2018\/09\/Captura.jpg\" alt=\"\" srcset=\"https:\/\/www.batxilleratgranes.com\/wp-content\/uploads\/2018\/09\/Captura.jpg 730w, https:\/\/www.batxilleratgranes.com\/wp-content\/uploads\/2018\/09\/Captura-300x167.jpg 300w, https:\/\/www.batxilleratgranes.com\/wp-content\/uploads\/2018\/09\/Captura-650x362.jpg 650w, https:\/\/www.batxilleratgranes.com\/wp-content\/uploads\/2018\/09\/Captura-80x43.jpg 80w\" sizes=\"(max-width: 730px) 100vw, 730px\" \/><\/a><\/p>\n<p style=\"text-align: justify;\">Els alumnes de&nbsp;<strong>primer de batxillerat<\/strong>&nbsp;van realitzar un recorregut de&nbsp;<strong>lianes, tirolines i ponts,<\/strong>&nbsp;a les instal\u00b7lacions del&nbsp;<strong>Bosc Urb\u00e0<\/strong>, ubicat al F\u00f2rum de Barcelona. Tot i el vent, els alumnes van demostrar les seves habilitats des de les al\u00e7ades.<\/p>\n<p><a href=\"http:\/\/www.batxilleratgranes.com\/wp-content\/uploads\/2018\/09\/Sortida-3.jpg\"><img loading=\"lazy\" decoding=\"async\" width=\"731\" height=\"410\" class=\"size-full wp-image-9311 aligncenter\" src=\"http:\/\/www.batxilleratgranes.com\/wp-content\/uploads\/2018\/09\/Sortida-3.jpg\" alt=\"Sortida 3\" srcset=\"https:\/\/www.batxilleratgranes.com\/wp-content\/uploads\/2018\/09\/Sortida-3.jpg 731w, https:\/\/www.batxilleratgranes.com\/wp-content\/uploads\/2018\/09\/Sortida-3-300x168.jpg 300w, https:\/\/www.batxilleratgranes.com\/wp-content\/uploads\/2018\/09\/Sortida-3-650x365.jpg 650w\" sizes=\"(max-width: 731px) 100vw, 731px\" \/><\/a><\/p>\n<p style=\"text-align: justify;\">Per la seva banda, els alumnes de <strong>segon<\/strong> van fer un recorregut de 8 km caminant pel <strong>Parc de Collserola<\/strong>. Els alumnes, distribu\u00efts en quatre grups, anaven acompanyats per <strong>educadors del parc<\/strong>, que els explicaven els diferents ambients naturals que anavem visitant.<\/p>\n<p style=\"text-align: center;\"><a href=\"http:\/\/www.batxilleratgranes.com\/wp-content\/uploads\/2018\/09\/sortida-6.jpg\"><img loading=\"lazy\" decoding=\"async\" width=\"569\" height=\"510\" class=\"alignnone size-full wp-image-9314\" src=\"http:\/\/www.batxilleratgranes.com\/wp-content\/uploads\/2018\/09\/sortida-6.jpg\" alt=\"sortida 6\" srcset=\"https:\/\/www.batxilleratgranes.com\/wp-content\/uploads\/2018\/09\/sortida-6.jpg 569w, https:\/\/www.batxilleratgranes.com\/wp-content\/uploads\/2018\/09\/sortida-6-300x269.jpg 300w\" sizes=\"(max-width: 569px) 100vw, 569px\" \/><\/a><\/p>\n<p style=\"text-align: justify;\">Els alumnes van poder descobrir un munt de <strong>curiositats<\/strong> sobre la<strong> fauna i flora<\/strong> d&#8217;aquest parc. Sab\u00edeu identificar una pinya rosegada per un esquirol dret\u00e0 respecte d&#8217;una altra rosegada per un esquirol esquerr\u00e0? O si ho ha fet un esquirol adult o jove? Nosaltres ara ja s\u00ed!<\/p>\n<p><a href=\"http:\/\/www.batxilleratgranes.com\/wp-content\/uploads\/2018\/09\/sortida-5.jpg\"><img loading=\"lazy\" decoding=\"async\" width=\"383\" height=\"517\" class=\"size-full wp-image-9313 aligncenter\" src=\"http:\/\/www.batxilleratgranes.com\/wp-content\/uploads\/2018\/09\/sortida-5.jpg\" alt=\"sortida 5\" srcset=\"https:\/\/www.batxilleratgranes.com\/wp-content\/uploads\/2018\/09\/sortida-5.jpg 383w, https:\/\/www.batxilleratgranes.com\/wp-content\/uploads\/2018\/09\/sortida-5-222x300.jpg 222w\" sizes=\"(max-width: 383px) 100vw, 383px\" \/><\/a><\/p>\n<p style=\"text-align: justify;\">Us deixem aqu\u00ed amb algunes imatges de la jornada! I seguiu atents al blog, doncs els pr\u00f2xims dies coneixerem la <strong>foto guanyadora del concurs d&#8217;Instagram<\/strong>!<\/p>\n<div class=\"nv-iframe-embed\"><iframe loading=\"lazy\" title=\"Sortida de conviv\u00e8ncia\" width=\"1200\" height=\"675\" src=\"https:\/\/www.youtube.com\/embed\/og1PCFNeWvU?feature=oembed\" frameborder=\"0\" allow=\"accelerometer; autoplay; clipboard-write; encrypted-media; gyroscope; picture-in-picture\" allowfullscreen><\/iframe><\/div>\n","protected":false},"excerpt":{"rendered":"<p>Aquest dimecres vam fer la primera sortida de l&#8217;escola, una sortida de germanor amb l&#8217;objectiu que tant alumnes com professors poguessin compartir una bona estona d&#8217;oci i con\u00e8ixer-se millor. Els alumnes de&nbsp;primer de batxillerat&nbsp;van realitzar un recorregut de&nbsp;lianes, tirolines i ponts,&nbsp;a les instal\u00b7lacions del&nbsp;Bosc Urb\u00e0, ubicat al F\u00f2rum de Barcelona. Tot i el vent, els&hellip;&nbsp;<a href=\"https:\/\/www.batxilleratgranes.com\/es\/una-sortida-de-convivencia-dalcada\/\" class=\"\" rel=\"bookmark\">Read More &raquo;<span class=\"screen-reader-text\">Una sortida de conviv\u00e8ncia d&#8217;al\u00e7ada!<\/span><\/a><\/p>\n","protected":false},"author":5,"featured_media":9309,"comment_status":"open","ping_status":"open","sticky":false,"template":"","format":"standard","meta":{"neve_meta_sidebar":"","neve_meta_container":"","neve_meta_enable_content_width":"","neve_meta_content_width":0,"neve_meta_title_alignment":"","neve_meta_author_avatar":"","neve_post_elements_order":"","neve_meta_disable_header":"","neve_meta_disable_footer":"","neve_meta_disable_title":"","footnotes":""},"categories":[7],"tags":[22,38,611,612,39],"class_list":["post-9305","post","type-post","status-publish","format-standard","has-post-thumbnail","hentry","category-centre-batxillerat-granes","tag-batxillerat","tag-bosc-urba","tag-convivencia","tag-parc-collserola","tag-sortida"],"yoast_head":"<!-- This site is optimized with the Yoast SEO plugin v23.4 - https:\/\/yoast.com\/wordpress\/plugins\/seo\/ -->\n<title>Una sortida de conviv\u00e8ncia d&#039;al\u00e7ada! - Gran\u00e9s Batxillerat - Escuela especializada en Bachillerato en Barcelona<\/title>\n<meta name=\"robots\" content=\"index, follow, max-snippet:-1, max-image-preview:large, max-video-preview:-1\" \/>\n<link rel=\"canonical\" href=\"https:\/\/www.batxilleratgranes.com\/es\/una-sortida-de-convivencia-dalcada\/\" \/>\n<meta property=\"og:locale\" content=\"es_ES\" \/>\n<meta property=\"og:type\" content=\"article\" \/>\n<meta property=\"og:title\" content=\"Una sortida de conviv\u00e8ncia d&#039;al\u00e7ada! - Gran\u00e9s Batxillerat - Escuela especializada en Bachillerato en Barcelona\" \/>\n<meta property=\"og:description\" content=\"Aquest dimecres vam fer la primera sortida de l&#8217;escola, una sortida de germanor amb l&#8217;objectiu que tant alumnes com professors poguessin compartir una bona estona d&#8217;oci i con\u00e8ixer-se millor. Els alumnes de&nbsp;primer de batxillerat&nbsp;van realitzar un recorregut de&nbsp;lianes, tirolines i ponts,&nbsp;a les instal\u00b7lacions del&nbsp;Bosc Urb\u00e0, ubicat al F\u00f2rum de Barcelona. Tot i el vent, els&hellip;&nbsp;Read More &raquo;Una sortida de conviv\u00e8ncia d&#8217;al\u00e7ada!\" \/>\n<meta property=\"og:url\" content=\"https:\/\/www.batxilleratgranes.com\/es\/una-sortida-de-convivencia-dalcada\/\" \/>\n<meta property=\"og:site_name\" content=\"Gran\u00e9s Batxillerat - Escuela especializada en Bachillerato en Barcelona\" \/>\n<meta property=\"article:published_time\" content=\"2018-09-29T08:01:00+00:00\" \/>\n<meta property=\"article:modified_time\" content=\"2019-09-05T12:01:21+00:00\" \/>\n<meta property=\"og:image\" content=\"https:\/\/www.batxilleratgranes.com\/wp-content\/uploads\/2018\/09\/Captura-2.jpg\" \/>\n\t<meta property=\"og:image:width\" content=\"732\" \/>\n\t<meta property=\"og:image:height\" content=\"408\" \/>\n\t<meta property=\"og:image:type\" content=\"image\/jpeg\" \/>\n<meta name=\"author\" content=\"mireia.martinez\" \/>\n<meta name=\"twitter:card\" content=\"summary_large_image\" \/>\n<meta name=\"twitter:label1\" content=\"Written by\" \/>\n\t<meta name=\"twitter:data1\" content=\"mireia.martinez\" \/>\n\t<meta name=\"twitter:label2\" content=\"Est. reading time\" \/>\n\t<meta name=\"twitter:data2\" content=\"1 minute\" \/>\n<script type=\"application\/ld+json\" class=\"yoast-schema-graph\">{\"@context\":\"https:\/\/schema.org\",\"@graph\":[{\"@type\":\"Article\",\"@id\":\"https:\/\/www.batxilleratgranes.com\/es\/una-sortida-de-convivencia-dalcada\/#article\",\"isPartOf\":{\"@id\":\"https:\/\/www.batxilleratgranes.com\/es\/una-sortida-de-convivencia-dalcada\/\"},\"author\":{\"name\":\"mireia.martinez\",\"@id\":\"https:\/\/www.batxilleratgranes.com\/es\/#\/schema\/person\/4e10f231f79e8e2d24629e02b8283201\"},\"headline\":\"Una sortida de conviv\u00e8ncia d&#8217;al\u00e7ada!\",\"datePublished\":\"2018-09-29T08:01:00+00:00\",\"dateModified\":\"2019-09-05T12:01:21+00:00\",\"mainEntityOfPage\":{\"@id\":\"https:\/\/www.batxilleratgranes.com\/es\/una-sortida-de-convivencia-dalcada\/\"},\"wordCount\":216,\"commentCount\":0,\"publisher\":{\"@id\":\"https:\/\/www.batxilleratgranes.com\/es\/#organization\"},\"image\":{\"@id\":\"https:\/\/www.batxilleratgranes.com\/es\/una-sortida-de-convivencia-dalcada\/#primaryimage\"},\"thumbnailUrl\":\"https:\/\/www.batxilleratgranes.com\/wp-content\/uploads\/2018\/09\/Captura-2.jpg\",\"keywords\":[\"Batxillerat\",\"Bosc Urb\u00e0\",\"Conviv\u00e8ncia\",\"Parc Collserola\",\"Sortida\"],\"articleSection\":[\"Activitats Gran\u00e9s\"],\"inLanguage\":\"es\",\"potentialAction\":[{\"@type\":\"CommentAction\",\"name\":\"Comment\",\"target\":[\"https:\/\/www.batxilleratgranes.com\/es\/una-sortida-de-convivencia-dalcada\/#respond\"]}]},{\"@type\":\"WebPage\",\"@id\":\"https:\/\/www.batxilleratgranes.com\/es\/una-sortida-de-convivencia-dalcada\/\",\"url\":\"https:\/\/www.batxilleratgranes.com\/es\/una-sortida-de-convivencia-dalcada\/\",\"name\":\"Una sortida de conviv\u00e8ncia d'al\u00e7ada! - Gran\u00e9s Batxillerat - Escuela especializada en Bachillerato en Barcelona\",\"isPartOf\":{\"@id\":\"https:\/\/www.batxilleratgranes.com\/es\/#website\"},\"primaryImageOfPage\":{\"@id\":\"https:\/\/www.batxilleratgranes.com\/es\/una-sortida-de-convivencia-dalcada\/#primaryimage\"},\"image\":{\"@id\":\"https:\/\/www.batxilleratgranes.com\/es\/una-sortida-de-convivencia-dalcada\/#primaryimage\"},\"thumbnailUrl\":\"https:\/\/www.batxilleratgranes.com\/wp-content\/uploads\/2018\/09\/Captura-2.jpg\",\"datePublished\":\"2018-09-29T08:01:00+00:00\",\"dateModified\":\"2019-09-05T12:01:21+00:00\",\"breadcrumb\":{\"@id\":\"https:\/\/www.batxilleratgranes.com\/es\/una-sortida-de-convivencia-dalcada\/#breadcrumb\"},\"inLanguage\":\"es\",\"potentialAction\":[{\"@type\":\"ReadAction\",\"target\":[\"https:\/\/www.batxilleratgranes.com\/es\/una-sortida-de-convivencia-dalcada\/\"]}]},{\"@type\":\"ImageObject\",\"inLanguage\":\"es\",\"@id\":\"https:\/\/www.batxilleratgranes.com\/es\/una-sortida-de-convivencia-dalcada\/#primaryimage\",\"url\":\"https:\/\/www.batxilleratgranes.com\/wp-content\/uploads\/2018\/09\/Captura-2.jpg\",\"contentUrl\":\"https:\/\/www.batxilleratgranes.com\/wp-content\/uploads\/2018\/09\/Captura-2.jpg\",\"width\":732,\"height\":408,\"caption\":\"Sortida 1\"},{\"@type\":\"BreadcrumbList\",\"@id\":\"https:\/\/www.batxilleratgranes.com\/es\/una-sortida-de-convivencia-dalcada\/#breadcrumb\",\"itemListElement\":[{\"@type\":\"ListItem\",\"position\":1,\"name\":\"Inici\",\"item\":\"https:\/\/www.batxilleratgranes.com\/es\/\"},{\"@type\":\"ListItem\",\"position\":2,\"name\":\"Una sortida de conviv\u00e8ncia d&#8217;al\u00e7ada!\"}]},{\"@type\":\"WebSite\",\"@id\":\"https:\/\/www.batxilleratgranes.com\/es\/#website\",\"url\":\"https:\/\/www.batxilleratgranes.com\/es\/\",\"name\":\"Gran\u00e9s Batxillerat - Escuela especializada en Bachillerato en Barcelona\",\"description\":\"Escola especialitzada en Batxillerat a Barcelona\",\"publisher\":{\"@id\":\"https:\/\/www.batxilleratgranes.com\/es\/#organization\"},\"potentialAction\":[{\"@type\":\"SearchAction\",\"target\":{\"@type\":\"EntryPoint\",\"urlTemplate\":\"https:\/\/www.batxilleratgranes.com\/es\/?s={search_term_string}\"},\"query-input\":{\"@type\":\"PropertyValueSpecification\",\"valueRequired\":true,\"valueName\":\"search_term_string\"}}],\"inLanguage\":\"es\"},{\"@type\":\"Organization\",\"@id\":\"https:\/\/www.batxilleratgranes.com\/es\/#organization\",\"name\":\"Gran\u00e9s Batxillerat - Escuela especializada en Bachillerato en Barcelona\",\"url\":\"https:\/\/www.batxilleratgranes.com\/es\/\",\"logo\":{\"@type\":\"ImageObject\",\"inLanguage\":\"es\",\"@id\":\"https:\/\/www.batxilleratgranes.com\/es\/#\/schema\/logo\/image\/\",\"url\":\"https:\/\/www.batxilleratgranes.com\/wp-content\/uploads\/2013\/01\/granes1.png\",\"contentUrl\":\"https:\/\/www.batxilleratgranes.com\/wp-content\/uploads\/2013\/01\/granes1.png\",\"width\":292,\"height\":85,\"caption\":\"Gran\u00e9s Batxillerat - Escuela especializada en Bachillerato en Barcelona\"},\"image\":{\"@id\":\"https:\/\/www.batxilleratgranes.com\/es\/#\/schema\/logo\/image\/\"}},{\"@type\":\"Person\",\"@id\":\"https:\/\/www.batxilleratgranes.com\/es\/#\/schema\/person\/4e10f231f79e8e2d24629e02b8283201\",\"name\":\"mireia.martinez\",\"image\":{\"@type\":\"ImageObject\",\"inLanguage\":\"es\",\"@id\":\"https:\/\/www.batxilleratgranes.com\/es\/#\/schema\/person\/image\/\",\"url\":\"https:\/\/secure.gravatar.com\/avatar\/8c952e346979fb1eaf89bbc4dfda29f0?s=96&d=mm&r=g\",\"contentUrl\":\"https:\/\/secure.gravatar.com\/avatar\/8c952e346979fb1eaf89bbc4dfda29f0?s=96&d=mm&r=g\",\"caption\":\"mireia.martinez\"},\"url\":\"https:\/\/www.batxilleratgranes.com\/es\/author\/mireia-martinez\/\"}]}<\/script>\n<!-- \/ Yoast SEO plugin. -->","yoast_head_json":{"title":"Una sortida de conviv\u00e8ncia d'al\u00e7ada! - Gran\u00e9s Batxillerat - Escuela especializada en Bachillerato en Barcelona","robots":{"index":"index","follow":"follow","max-snippet":"max-snippet:-1","max-image-preview":"max-image-preview:large","max-video-preview":"max-video-preview:-1"},"canonical":"https:\/\/www.batxilleratgranes.com\/es\/una-sortida-de-convivencia-dalcada\/","og_locale":"es_ES","og_type":"article","og_title":"Una sortida de conviv\u00e8ncia d'al\u00e7ada! - Gran\u00e9s Batxillerat - Escuela especializada en Bachillerato en Barcelona","og_description":"Aquest dimecres vam fer la primera sortida de l&#8217;escola, una sortida de germanor amb l&#8217;objectiu que tant alumnes com professors poguessin compartir una bona estona d&#8217;oci i con\u00e8ixer-se millor. Els alumnes de&nbsp;primer de batxillerat&nbsp;van realitzar un recorregut de&nbsp;lianes, tirolines i ponts,&nbsp;a les instal\u00b7lacions del&nbsp;Bosc Urb\u00e0, ubicat al F\u00f2rum de Barcelona. Tot i el vent, els&hellip;&nbsp;Read More &raquo;Una sortida de conviv\u00e8ncia d&#8217;al\u00e7ada!","og_url":"https:\/\/www.batxilleratgranes.com\/es\/una-sortida-de-convivencia-dalcada\/","og_site_name":"Gran\u00e9s Batxillerat - Escuela especializada en Bachillerato en Barcelona","article_published_time":"2018-09-29T08:01:00+00:00","article_modified_time":"2019-09-05T12:01:21+00:00","og_image":[{"width":732,"height":408,"url":"https:\/\/www.batxilleratgranes.com\/wp-content\/uploads\/2018\/09\/Captura-2.jpg","type":"image\/jpeg"}],"author":"mireia.martinez","twitter_card":"summary_large_image","twitter_misc":{"Written by":"mireia.martinez","Est. reading time":"1 minute"},"schema":{"@context":"https:\/\/schema.org","@graph":[{"@type":"Article","@id":"https:\/\/www.batxilleratgranes.com\/es\/una-sortida-de-convivencia-dalcada\/#article","isPartOf":{"@id":"https:\/\/www.batxilleratgranes.com\/es\/una-sortida-de-convivencia-dalcada\/"},"author":{"name":"mireia.martinez","@id":"https:\/\/www.batxilleratgranes.com\/es\/#\/schema\/person\/4e10f231f79e8e2d24629e02b8283201"},"headline":"Una sortida de conviv\u00e8ncia d&#8217;al\u00e7ada!","datePublished":"2018-09-29T08:01:00+00:00","dateModified":"2019-09-05T12:01:21+00:00","mainEntityOfPage":{"@id":"https:\/\/www.batxilleratgranes.com\/es\/una-sortida-de-convivencia-dalcada\/"},"wordCount":216,"commentCount":0,"publisher":{"@id":"https:\/\/www.batxilleratgranes.com\/es\/#organization"},"image":{"@id":"https:\/\/www.batxilleratgranes.com\/es\/una-sortida-de-convivencia-dalcada\/#primaryimage"},"thumbnailUrl":"https:\/\/www.batxilleratgranes.com\/wp-content\/uploads\/2018\/09\/Captura-2.jpg","keywords":["Batxillerat","Bosc Urb\u00e0","Conviv\u00e8ncia","Parc Collserola","Sortida"],"articleSection":["Activitats Gran\u00e9s"],"inLanguage":"es","potentialAction":[{"@type":"CommentAction","name":"Comment","target":["https:\/\/www.batxilleratgranes.com\/es\/una-sortida-de-convivencia-dalcada\/#respond"]}]},{"@type":"WebPage","@id":"https:\/\/www.batxilleratgranes.com\/es\/una-sortida-de-convivencia-dalcada\/","url":"https:\/\/www.batxilleratgranes.com\/es\/una-sortida-de-convivencia-dalcada\/","name":"Una sortida de conviv\u00e8ncia d'al\u00e7ada! - Gran\u00e9s Batxillerat - Escuela especializada en Bachillerato en Barcelona","isPartOf":{"@id":"https:\/\/www.batxilleratgranes.com\/es\/#website"},"primaryImageOfPage":{"@id":"https:\/\/www.batxilleratgranes.com\/es\/una-sortida-de-convivencia-dalcada\/#primaryimage"},"image":{"@id":"https:\/\/www.batxilleratgranes.com\/es\/una-sortida-de-convivencia-dalcada\/#primaryimage"},"thumbnailUrl":"https:\/\/www.batxilleratgranes.com\/wp-content\/uploads\/2018\/09\/Captura-2.jpg","datePublished":"2018-09-29T08:01:00+00:00","dateModified":"2019-09-05T12:01:21+00:00","breadcrumb":{"@id":"https:\/\/www.batxilleratgranes.com\/es\/una-sortida-de-convivencia-dalcada\/#breadcrumb"},"inLanguage":"es","potentialAction":[{"@type":"ReadAction","target":["https:\/\/www.batxilleratgranes.com\/es\/una-sortida-de-convivencia-dalcada\/"]}]},{"@type":"ImageObject","inLanguage":"es","@id":"https:\/\/www.batxilleratgranes.com\/es\/una-sortida-de-convivencia-dalcada\/#primaryimage","url":"https:\/\/www.batxilleratgranes.com\/wp-content\/uploads\/2018\/09\/Captura-2.jpg","contentUrl":"https:\/\/www.batxilleratgranes.com\/wp-content\/uploads\/2018\/09\/Captura-2.jpg","width":732,"height":408,"caption":"Sortida 1"},{"@type":"BreadcrumbList","@id":"https:\/\/www.batxilleratgranes.com\/es\/una-sortida-de-convivencia-dalcada\/#breadcrumb","itemListElement":[{"@type":"ListItem","position":1,"name":"Inici","item":"https:\/\/www.batxilleratgranes.com\/es\/"},{"@type":"ListItem","position":2,"name":"Una sortida de conviv\u00e8ncia d&#8217;al\u00e7ada!"}]},{"@type":"WebSite","@id":"https:\/\/www.batxilleratgranes.com\/es\/#website","url":"https:\/\/www.batxilleratgranes.com\/es\/","name":"Gran\u00e9s Batxillerat - Escuela especializada en Bachillerato en Barcelona","description":"Escola especialitzada en Batxillerat a Barcelona","publisher":{"@id":"https:\/\/www.batxilleratgranes.com\/es\/#organization"},"potentialAction":[{"@type":"SearchAction","target":{"@type":"EntryPoint","urlTemplate":"https:\/\/www.batxilleratgranes.com\/es\/?s={search_term_string}"},"query-input":{"@type":"PropertyValueSpecification","valueRequired":true,"valueName":"search_term_string"}}],"inLanguage":"es"},{"@type":"Organization","@id":"https:\/\/www.batxilleratgranes.com\/es\/#organization","name":"Gran\u00e9s Batxillerat - Escuela especializada en Bachillerato en Barcelona","url":"https:\/\/www.batxilleratgranes.com\/es\/","logo":{"@type":"ImageObject","inLanguage":"es","@id":"https:\/\/www.batxilleratgranes.com\/es\/#\/schema\/logo\/image\/","url":"https:\/\/www.batxilleratgranes.com\/wp-content\/uploads\/2013\/01\/granes1.png","contentUrl":"https:\/\/www.batxilleratgranes.com\/wp-content\/uploads\/2013\/01\/granes1.png","width":292,"height":85,"caption":"Gran\u00e9s Batxillerat - Escuela especializada en Bachillerato en Barcelona"},"image":{"@id":"https:\/\/www.batxilleratgranes.com\/es\/#\/schema\/logo\/image\/"}},{"@type":"Person","@id":"https:\/\/www.batxilleratgranes.com\/es\/#\/schema\/person\/4e10f231f79e8e2d24629e02b8283201","name":"mireia.martinez","image":{"@type":"ImageObject","inLanguage":"es","@id":"https:\/\/www.batxilleratgranes.com\/es\/#\/schema\/person\/image\/","url":"https:\/\/secure.gravatar.com\/avatar\/8c952e346979fb1eaf89bbc4dfda29f0?s=96&d=mm&r=g","contentUrl":"https:\/\/secure.gravatar.com\/avatar\/8c952e346979fb1eaf89bbc4dfda29f0?s=96&d=mm&r=g","caption":"mireia.martinez"},"url":"https:\/\/www.batxilleratgranes.com\/es\/author\/mireia-martinez\/"}]}},"_links":{"self":[{"href":"https:\/\/www.batxilleratgranes.com\/es\/wp-json\/wp\/v2\/posts\/9305"}],"collection":[{"href":"https:\/\/www.batxilleratgranes.com\/es\/wp-json\/wp\/v2\/posts"}],"about":[{"href":"https:\/\/www.batxilleratgranes.com\/es\/wp-json\/wp\/v2\/types\/post"}],"author":[{"embeddable":true,"href":"https:\/\/www.batxilleratgranes.com\/es\/wp-json\/wp\/v2\/users\/5"}],"replies":[{"embeddable":true,"href":"https:\/\/www.batxilleratgranes.com\/es\/wp-json\/wp\/v2\/comments?post=9305"}],"version-history":[{"count":3,"href":"https:\/\/www.batxilleratgranes.com\/es\/wp-json\/wp\/v2\/posts\/9305\/revisions"}],"predecessor-version":[{"id":16996,"href":"https:\/\/www.batxilleratgranes.com\/es\/wp-json\/wp\/v2\/posts\/9305\/revisions\/16996"}],"wp:featuredmedia":[{"embeddable":true,"href":"https:\/\/www.batxilleratgranes.com\/es\/wp-json\/wp\/v2\/media\/9309"}],"wp:attachment":[{"href":"https:\/\/www.batxilleratgranes.com\/es\/wp-json\/wp\/v2\/media?parent=9305"}],"wp:term":[{"taxonomy":"category","embeddable":true,"href":"https:\/\/www.batxilleratgranes.com\/es\/wp-json\/wp\/v2\/categories?post=9305"},{"taxonomy":"post_tag","embeddable":true,"href":"https:\/\/www.batxilleratgranes.com\/es\/wp-json\/wp\/v2\/tags?post=9305"}],"curies":[{"name":"wp","href":"https:\/\/api.w.org\/{rel}","templated":true}]}}