{"id":9860,"date":"2018-11-13T10:54:20","date_gmt":"2018-11-13T10:54:20","guid":{"rendered":"http:\/\/www.batxilleratgranes.com\/?p=9860"},"modified":"2018-11-13T11:46:16","modified_gmt":"2018-11-13T11:46:16","slug":"taller-de-fisioterapia-respiratoria-a-blanquerna","status":"publish","type":"post","link":"https:\/\/www.batxilleratgranes.com\/es\/taller-de-fisioterapia-respiratoria-a-blanquerna\/","title":{"rendered":"Taller de fisioter\u00e0pia respirat\u00f2ria a Blanquerna"},"content":{"rendered":"<p style=\"text-align: justify;\">Divendres passat, els nostres alumnes de Biologia i Salut de 1r de batxillerat van visitar la <strong>Facultat de Ci\u00e8ncies de la Salut Blanquerna<\/strong>. All\u00e0, Adri\u00e0 Navarro, professor del Grau de Fisioter\u00e0pia de la facultat,\u00a0els va impartir un<strong> taller<\/strong> de <strong>fisioter\u00e0pia respirat\u00f2ria<\/strong> per treballar la rehabilitaci\u00f3 i el manteniment dels malalts amb<strong> fibrosi qu\u00edstica<\/strong>.<\/p>\n<p style=\"text-align: justify;\"><a href=\"http:\/\/www.batxilleratgranes.com\/wp-content\/uploads\/2018\/11\/Taller-fisioter\u00e0pia-respirat\u00f2ria-1.jpg\"><img loading=\"lazy\" decoding=\"async\" width=\"742\" height=\"597\" class=\"size-full wp-image-9874 aligncenter\" src=\"http:\/\/www.batxilleratgranes.com\/wp-content\/uploads\/2018\/11\/Taller-fisioter\u00e0pia-respirat\u00f2ria-1.jpg\" alt=\"Taller fisioter\u00e0pia respirat\u00f2ria \" srcset=\"https:\/\/www.batxilleratgranes.com\/wp-content\/uploads\/2018\/11\/Taller-fisioter\u00e0pia-respirat\u00f2ria-1.jpg 742w, https:\/\/www.batxilleratgranes.com\/wp-content\/uploads\/2018\/11\/Taller-fisioter\u00e0pia-respirat\u00f2ria-1-300x241.jpg 300w, https:\/\/www.batxilleratgranes.com\/wp-content\/uploads\/2018\/11\/Taller-fisioter\u00e0pia-respirat\u00f2ria-1-650x523.jpg 650w\" sizes=\"(max-width: 742px) 100vw, 742px\" \/><\/a><\/p>\n<p style=\"text-align: justify;\">Aquesta visita s&#8217;enmarca dins del <strong>projecte<\/strong> sobre la <strong>fibrosi qu\u00edstica<\/strong> que els alumnes de l&#8217;<a href=\"http:\/\/www.batxilleratgranes.com\/batxillerat-ciencies-salut\">itinerari de Ci\u00e8ncies de la Salut<\/a> treballen durant aquest curs. \u00a0Entre els objectius d&#8217;aquest projecte destaquen:<\/p>\n<ul>\n<li style=\"text-align: justify;\">La realitzaci\u00f3 d&#8217;una<strong> exposici\u00f3<\/strong>, amb visites guiades pels alumnes.\u00a0 Aquesta activitat els permetr\u00e0 plasmar tots els coneixements i ampliar aspectes tecnol\u00f3gics i socials del context de la malaltia.<\/li>\n<li style=\"text-align: justify;\">La creaci\u00f3 d&#8217;un <strong>manual d&#8217;ajuda<\/strong>.\u00a0 Els alumnes podran apropar-se aix\u00ed a la realitat que vieuen les persones amb aquesta malaltia i con\u00e8ixer les diferents ter\u00e0pies que s&#8217;apliquen en aquests casos.<\/li>\n<li style=\"text-align: justify;\">Organitzaci\u00f3 d&#8217;una<strong> taula rodona<\/strong> sobre<strong> bio\u00e8tica<\/strong>: Tenir fills quan els pares pateixen malalties heredit\u00e0ries?<\/li>\n<\/ul>\n<p>Aqu\u00ed podeu veure algunes imatges de la jornada:<\/p>\n<div class=\"nv-iframe-embed\"><iframe loading=\"lazy\" title=\"Taller de fisioter\u00e0pia respirat\u00f2ria a Blanquerna\" width=\"1200\" height=\"675\" src=\"https:\/\/www.youtube.com\/embed\/BU0HbSM3y8c?feature=oembed\" frameborder=\"0\" allow=\"accelerometer; autoplay; clipboard-write; encrypted-media; gyroscope; picture-in-picture\" allowfullscreen><\/iframe><\/div>\n<p>&nbsp;<\/p>\n<p style=\"text-align: center;\">\n","protected":false},"excerpt":{"rendered":"<p>Divendres passat, els nostres alumnes de Biologia i Salut de 1r de batxillerat van visitar la Facultat de Ci\u00e8ncies de la Salut Blanquerna. All\u00e0, Adri\u00e0 Navarro, professor del Grau de Fisioter\u00e0pia de la facultat,\u00a0els va impartir un taller de fisioter\u00e0pia respirat\u00f2ria per treballar la rehabilitaci\u00f3 i el manteniment dels malalts amb fibrosi qu\u00edstica. Aquesta visita&hellip;&nbsp;<a href=\"https:\/\/www.batxilleratgranes.com\/es\/taller-de-fisioterapia-respiratoria-a-blanquerna\/\" class=\"\" rel=\"bookmark\">Read More &raquo;<span class=\"screen-reader-text\">Taller de fisioter\u00e0pia respirat\u00f2ria a Blanquerna<\/span><\/a><\/p>\n","protected":false},"author":5,"featured_media":9866,"comment_status":"open","ping_status":"open","sticky":false,"template":"","format":"standard","meta":{"neve_meta_sidebar":"","neve_meta_container":"","neve_meta_enable_content_width":"","neve_meta_content_width":0,"neve_meta_title_alignment":"","neve_meta_author_avatar":"","neve_post_elements_order":"","neve_meta_disable_header":"","neve_meta_disable_footer":"","neve_meta_disable_title":"","footnotes":""},"categories":[7],"tags":[22,495,510,682,681,684,683],"class_list":["post-9860","post","type-post","status-publish","format-standard","has-post-thumbnail","hentry","category-centre-batxillerat-granes","tag-batxillerat","tag-blanquerna","tag-ciencies-de-la-salut","tag-fibrosi-quistica","tag-fisioterapia","tag-fisioterapia-respiratoria","tag-rehabilitacio"],"yoast_head":"<!-- This site is optimized with the Yoast SEO plugin v23.4 - https:\/\/yoast.com\/wordpress\/plugins\/seo\/ -->\n<title>Taller de fisioter\u00e0pia respirat\u00f2ria a Blanquerna - Gran\u00e9s Batxillerat - Escuela especializada en Bachillerato en Barcelona<\/title>\n<meta name=\"robots\" content=\"index, follow, max-snippet:-1, max-image-preview:large, max-video-preview:-1\" \/>\n<link rel=\"canonical\" href=\"https:\/\/www.batxilleratgranes.com\/es\/taller-de-fisioterapia-respiratoria-a-blanquerna\/\" \/>\n<meta property=\"og:locale\" content=\"es_ES\" \/>\n<meta property=\"og:type\" content=\"article\" \/>\n<meta property=\"og:title\" content=\"Taller de fisioter\u00e0pia respirat\u00f2ria a Blanquerna - Gran\u00e9s Batxillerat - Escuela especializada en Bachillerato en Barcelona\" \/>\n<meta property=\"og:description\" content=\"Divendres passat, els nostres alumnes de Biologia i Salut de 1r de batxillerat van visitar la Facultat de Ci\u00e8ncies de la Salut Blanquerna. All\u00e0, Adri\u00e0 Navarro, professor del Grau de Fisioter\u00e0pia de la facultat,\u00a0els va impartir un taller de fisioter\u00e0pia respirat\u00f2ria per treballar la rehabilitaci\u00f3 i el manteniment dels malalts amb fibrosi qu\u00edstica. Aquesta visita&hellip;&nbsp;Read More &raquo;Taller de fisioter\u00e0pia respirat\u00f2ria a Blanquerna\" \/>\n<meta property=\"og:url\" content=\"https:\/\/www.batxilleratgranes.com\/es\/taller-de-fisioterapia-respiratoria-a-blanquerna\/\" \/>\n<meta property=\"og:site_name\" content=\"Gran\u00e9s Batxillerat - Escuela especializada en Bachillerato en Barcelona\" \/>\n<meta property=\"article:published_time\" content=\"2018-11-13T10:54:20+00:00\" \/>\n<meta property=\"article:modified_time\" content=\"2018-11-13T11:46:16+00:00\" \/>\n<meta property=\"og:image\" content=\"https:\/\/www.batxilleratgranes.com\/wp-content\/uploads\/2018\/11\/destac.jpg\" \/>\n\t<meta property=\"og:image:width\" content=\"655\" \/>\n\t<meta property=\"og:image:height\" content=\"606\" \/>\n\t<meta property=\"og:image:type\" content=\"image\/jpeg\" \/>\n<meta name=\"author\" content=\"mireia.martinez\" \/>\n<meta name=\"twitter:card\" content=\"summary_large_image\" \/>\n<meta name=\"twitter:label1\" content=\"Written by\" \/>\n\t<meta name=\"twitter:data1\" content=\"mireia.martinez\" \/>\n\t<meta name=\"twitter:label2\" content=\"Est. reading time\" \/>\n\t<meta name=\"twitter:data2\" content=\"1 minute\" \/>\n<script type=\"application\/ld+json\" class=\"yoast-schema-graph\">{\"@context\":\"https:\/\/schema.org\",\"@graph\":[{\"@type\":\"Article\",\"@id\":\"https:\/\/www.batxilleratgranes.com\/es\/taller-de-fisioterapia-respiratoria-a-blanquerna\/#article\",\"isPartOf\":{\"@id\":\"https:\/\/www.batxilleratgranes.com\/es\/taller-de-fisioterapia-respiratoria-a-blanquerna\/\"},\"author\":{\"name\":\"mireia.martinez\",\"@id\":\"https:\/\/www.batxilleratgranes.com\/es\/#\/schema\/person\/4e10f231f79e8e2d24629e02b8283201\"},\"headline\":\"Taller de fisioter\u00e0pia respirat\u00f2ria a Blanquerna\",\"datePublished\":\"2018-11-13T10:54:20+00:00\",\"dateModified\":\"2018-11-13T11:46:16+00:00\",\"mainEntityOfPage\":{\"@id\":\"https:\/\/www.batxilleratgranes.com\/es\/taller-de-fisioterapia-respiratoria-a-blanquerna\/\"},\"wordCount\":202,\"commentCount\":0,\"publisher\":{\"@id\":\"https:\/\/www.batxilleratgranes.com\/es\/#organization\"},\"image\":{\"@id\":\"https:\/\/www.batxilleratgranes.com\/es\/taller-de-fisioterapia-respiratoria-a-blanquerna\/#primaryimage\"},\"thumbnailUrl\":\"https:\/\/www.batxilleratgranes.com\/wp-content\/uploads\/2018\/11\/destac.jpg\",\"keywords\":[\"Batxillerat\",\"Blanquerna\",\"Ci\u00e8ncies de la Salut\",\"Fibrosi Qu\u00edstica\",\"Fisioter\u00e0pia\",\"Fisioter\u00e0pia respirat\u00f2ria\",\"Rehabilitaci\u00f3\"],\"articleSection\":[\"Activitats Gran\u00e9s\"],\"inLanguage\":\"es\",\"potentialAction\":[{\"@type\":\"CommentAction\",\"name\":\"Comment\",\"target\":[\"https:\/\/www.batxilleratgranes.com\/es\/taller-de-fisioterapia-respiratoria-a-blanquerna\/#respond\"]}]},{\"@type\":\"WebPage\",\"@id\":\"https:\/\/www.batxilleratgranes.com\/es\/taller-de-fisioterapia-respiratoria-a-blanquerna\/\",\"url\":\"https:\/\/www.batxilleratgranes.com\/es\/taller-de-fisioterapia-respiratoria-a-blanquerna\/\",\"name\":\"Taller de fisioter\u00e0pia respirat\u00f2ria a Blanquerna - Gran\u00e9s Batxillerat - Escuela especializada en Bachillerato en Barcelona\",\"isPartOf\":{\"@id\":\"https:\/\/www.batxilleratgranes.com\/es\/#website\"},\"primaryImageOfPage\":{\"@id\":\"https:\/\/www.batxilleratgranes.com\/es\/taller-de-fisioterapia-respiratoria-a-blanquerna\/#primaryimage\"},\"image\":{\"@id\":\"https:\/\/www.batxilleratgranes.com\/es\/taller-de-fisioterapia-respiratoria-a-blanquerna\/#primaryimage\"},\"thumbnailUrl\":\"https:\/\/www.batxilleratgranes.com\/wp-content\/uploads\/2018\/11\/destac.jpg\",\"datePublished\":\"2018-11-13T10:54:20+00:00\",\"dateModified\":\"2018-11-13T11:46:16+00:00\",\"breadcrumb\":{\"@id\":\"https:\/\/www.batxilleratgranes.com\/es\/taller-de-fisioterapia-respiratoria-a-blanquerna\/#breadcrumb\"},\"inLanguage\":\"es\",\"potentialAction\":[{\"@type\":\"ReadAction\",\"target\":[\"https:\/\/www.batxilleratgranes.com\/es\/taller-de-fisioterapia-respiratoria-a-blanquerna\/\"]}]},{\"@type\":\"ImageObject\",\"inLanguage\":\"es\",\"@id\":\"https:\/\/www.batxilleratgranes.com\/es\/taller-de-fisioterapia-respiratoria-a-blanquerna\/#primaryimage\",\"url\":\"https:\/\/www.batxilleratgranes.com\/wp-content\/uploads\/2018\/11\/destac.jpg\",\"contentUrl\":\"https:\/\/www.batxilleratgranes.com\/wp-content\/uploads\/2018\/11\/destac.jpg\",\"width\":655,\"height\":606,\"caption\":\"Taller de fisioter\u00e0pia respirat\u00f2ria a Blanquerna\"},{\"@type\":\"BreadcrumbList\",\"@id\":\"https:\/\/www.batxilleratgranes.com\/es\/taller-de-fisioterapia-respiratoria-a-blanquerna\/#breadcrumb\",\"itemListElement\":[{\"@type\":\"ListItem\",\"position\":1,\"name\":\"Inici\",\"item\":\"https:\/\/www.batxilleratgranes.com\/es\/\"},{\"@type\":\"ListItem\",\"position\":2,\"name\":\"Taller de fisioter\u00e0pia respirat\u00f2ria a Blanquerna\"}]},{\"@type\":\"WebSite\",\"@id\":\"https:\/\/www.batxilleratgranes.com\/es\/#website\",\"url\":\"https:\/\/www.batxilleratgranes.com\/es\/\",\"name\":\"Gran\u00e9s Batxillerat - Escuela especializada en Bachillerato en Barcelona\",\"description\":\"Escola especialitzada en Batxillerat a Barcelona\",\"publisher\":{\"@id\":\"https:\/\/www.batxilleratgranes.com\/es\/#organization\"},\"potentialAction\":[{\"@type\":\"SearchAction\",\"target\":{\"@type\":\"EntryPoint\",\"urlTemplate\":\"https:\/\/www.batxilleratgranes.com\/es\/?s={search_term_string}\"},\"query-input\":{\"@type\":\"PropertyValueSpecification\",\"valueRequired\":true,\"valueName\":\"search_term_string\"}}],\"inLanguage\":\"es\"},{\"@type\":\"Organization\",\"@id\":\"https:\/\/www.batxilleratgranes.com\/es\/#organization\",\"name\":\"Gran\u00e9s Batxillerat - Escuela especializada en Bachillerato en Barcelona\",\"url\":\"https:\/\/www.batxilleratgranes.com\/es\/\",\"logo\":{\"@type\":\"ImageObject\",\"inLanguage\":\"es\",\"@id\":\"https:\/\/www.batxilleratgranes.com\/es\/#\/schema\/logo\/image\/\",\"url\":\"https:\/\/www.batxilleratgranes.com\/wp-content\/uploads\/2013\/01\/granes1.png\",\"contentUrl\":\"https:\/\/www.batxilleratgranes.com\/wp-content\/uploads\/2013\/01\/granes1.png\",\"width\":292,\"height\":85,\"caption\":\"Gran\u00e9s Batxillerat - Escuela especializada en Bachillerato en Barcelona\"},\"image\":{\"@id\":\"https:\/\/www.batxilleratgranes.com\/es\/#\/schema\/logo\/image\/\"}},{\"@type\":\"Person\",\"@id\":\"https:\/\/www.batxilleratgranes.com\/es\/#\/schema\/person\/4e10f231f79e8e2d24629e02b8283201\",\"name\":\"mireia.martinez\",\"image\":{\"@type\":\"ImageObject\",\"inLanguage\":\"es\",\"@id\":\"https:\/\/www.batxilleratgranes.com\/es\/#\/schema\/person\/image\/\",\"url\":\"https:\/\/secure.gravatar.com\/avatar\/8c952e346979fb1eaf89bbc4dfda29f0?s=96&d=mm&r=g\",\"contentUrl\":\"https:\/\/secure.gravatar.com\/avatar\/8c952e346979fb1eaf89bbc4dfda29f0?s=96&d=mm&r=g\",\"caption\":\"mireia.martinez\"},\"url\":\"https:\/\/www.batxilleratgranes.com\/es\/author\/mireia-martinez\/\"}]}<\/script>\n<!-- \/ Yoast SEO plugin. -->","yoast_head_json":{"title":"Taller de fisioter\u00e0pia respirat\u00f2ria a Blanquerna - Gran\u00e9s Batxillerat - Escuela especializada en Bachillerato en Barcelona","robots":{"index":"index","follow":"follow","max-snippet":"max-snippet:-1","max-image-preview":"max-image-preview:large","max-video-preview":"max-video-preview:-1"},"canonical":"https:\/\/www.batxilleratgranes.com\/es\/taller-de-fisioterapia-respiratoria-a-blanquerna\/","og_locale":"es_ES","og_type":"article","og_title":"Taller de fisioter\u00e0pia respirat\u00f2ria a Blanquerna - Gran\u00e9s Batxillerat - Escuela especializada en Bachillerato en Barcelona","og_description":"Divendres passat, els nostres alumnes de Biologia i Salut de 1r de batxillerat van visitar la Facultat de Ci\u00e8ncies de la Salut Blanquerna. All\u00e0, Adri\u00e0 Navarro, professor del Grau de Fisioter\u00e0pia de la facultat,\u00a0els va impartir un taller de fisioter\u00e0pia respirat\u00f2ria per treballar la rehabilitaci\u00f3 i el manteniment dels malalts amb fibrosi qu\u00edstica. Aquesta visita&hellip;&nbsp;Read More &raquo;Taller de fisioter\u00e0pia respirat\u00f2ria a Blanquerna","og_url":"https:\/\/www.batxilleratgranes.com\/es\/taller-de-fisioterapia-respiratoria-a-blanquerna\/","og_site_name":"Gran\u00e9s Batxillerat - Escuela especializada en Bachillerato en Barcelona","article_published_time":"2018-11-13T10:54:20+00:00","article_modified_time":"2018-11-13T11:46:16+00:00","og_image":[{"width":655,"height":606,"url":"https:\/\/www.batxilleratgranes.com\/wp-content\/uploads\/2018\/11\/destac.jpg","type":"image\/jpeg"}],"author":"mireia.martinez","twitter_card":"summary_large_image","twitter_misc":{"Written by":"mireia.martinez","Est. reading time":"1 minute"},"schema":{"@context":"https:\/\/schema.org","@graph":[{"@type":"Article","@id":"https:\/\/www.batxilleratgranes.com\/es\/taller-de-fisioterapia-respiratoria-a-blanquerna\/#article","isPartOf":{"@id":"https:\/\/www.batxilleratgranes.com\/es\/taller-de-fisioterapia-respiratoria-a-blanquerna\/"},"author":{"name":"mireia.martinez","@id":"https:\/\/www.batxilleratgranes.com\/es\/#\/schema\/person\/4e10f231f79e8e2d24629e02b8283201"},"headline":"Taller de fisioter\u00e0pia respirat\u00f2ria a Blanquerna","datePublished":"2018-11-13T10:54:20+00:00","dateModified":"2018-11-13T11:46:16+00:00","mainEntityOfPage":{"@id":"https:\/\/www.batxilleratgranes.com\/es\/taller-de-fisioterapia-respiratoria-a-blanquerna\/"},"wordCount":202,"commentCount":0,"publisher":{"@id":"https:\/\/www.batxilleratgranes.com\/es\/#organization"},"image":{"@id":"https:\/\/www.batxilleratgranes.com\/es\/taller-de-fisioterapia-respiratoria-a-blanquerna\/#primaryimage"},"thumbnailUrl":"https:\/\/www.batxilleratgranes.com\/wp-content\/uploads\/2018\/11\/destac.jpg","keywords":["Batxillerat","Blanquerna","Ci\u00e8ncies de la Salut","Fibrosi Qu\u00edstica","Fisioter\u00e0pia","Fisioter\u00e0pia respirat\u00f2ria","Rehabilitaci\u00f3"],"articleSection":["Activitats Gran\u00e9s"],"inLanguage":"es","potentialAction":[{"@type":"CommentAction","name":"Comment","target":["https:\/\/www.batxilleratgranes.com\/es\/taller-de-fisioterapia-respiratoria-a-blanquerna\/#respond"]}]},{"@type":"WebPage","@id":"https:\/\/www.batxilleratgranes.com\/es\/taller-de-fisioterapia-respiratoria-a-blanquerna\/","url":"https:\/\/www.batxilleratgranes.com\/es\/taller-de-fisioterapia-respiratoria-a-blanquerna\/","name":"Taller de fisioter\u00e0pia respirat\u00f2ria a Blanquerna - Gran\u00e9s Batxillerat - Escuela especializada en Bachillerato en Barcelona","isPartOf":{"@id":"https:\/\/www.batxilleratgranes.com\/es\/#website"},"primaryImageOfPage":{"@id":"https:\/\/www.batxilleratgranes.com\/es\/taller-de-fisioterapia-respiratoria-a-blanquerna\/#primaryimage"},"image":{"@id":"https:\/\/www.batxilleratgranes.com\/es\/taller-de-fisioterapia-respiratoria-a-blanquerna\/#primaryimage"},"thumbnailUrl":"https:\/\/www.batxilleratgranes.com\/wp-content\/uploads\/2018\/11\/destac.jpg","datePublished":"2018-11-13T10:54:20+00:00","dateModified":"2018-11-13T11:46:16+00:00","breadcrumb":{"@id":"https:\/\/www.batxilleratgranes.com\/es\/taller-de-fisioterapia-respiratoria-a-blanquerna\/#breadcrumb"},"inLanguage":"es","potentialAction":[{"@type":"ReadAction","target":["https:\/\/www.batxilleratgranes.com\/es\/taller-de-fisioterapia-respiratoria-a-blanquerna\/"]}]},{"@type":"ImageObject","inLanguage":"es","@id":"https:\/\/www.batxilleratgranes.com\/es\/taller-de-fisioterapia-respiratoria-a-blanquerna\/#primaryimage","url":"https:\/\/www.batxilleratgranes.com\/wp-content\/uploads\/2018\/11\/destac.jpg","contentUrl":"https:\/\/www.batxilleratgranes.com\/wp-content\/uploads\/2018\/11\/destac.jpg","width":655,"height":606,"caption":"Taller de fisioter\u00e0pia respirat\u00f2ria a Blanquerna"},{"@type":"BreadcrumbList","@id":"https:\/\/www.batxilleratgranes.com\/es\/taller-de-fisioterapia-respiratoria-a-blanquerna\/#breadcrumb","itemListElement":[{"@type":"ListItem","position":1,"name":"Inici","item":"https:\/\/www.batxilleratgranes.com\/es\/"},{"@type":"ListItem","position":2,"name":"Taller de fisioter\u00e0pia respirat\u00f2ria a Blanquerna"}]},{"@type":"WebSite","@id":"https:\/\/www.batxilleratgranes.com\/es\/#website","url":"https:\/\/www.batxilleratgranes.com\/es\/","name":"Gran\u00e9s Batxillerat - Escuela especializada en Bachillerato en Barcelona","description":"Escola especialitzada en Batxillerat a Barcelona","publisher":{"@id":"https:\/\/www.batxilleratgranes.com\/es\/#organization"},"potentialAction":[{"@type":"SearchAction","target":{"@type":"EntryPoint","urlTemplate":"https:\/\/www.batxilleratgranes.com\/es\/?s={search_term_string}"},"query-input":{"@type":"PropertyValueSpecification","valueRequired":true,"valueName":"search_term_string"}}],"inLanguage":"es"},{"@type":"Organization","@id":"https:\/\/www.batxilleratgranes.com\/es\/#organization","name":"Gran\u00e9s Batxillerat - Escuela especializada en Bachillerato en Barcelona","url":"https:\/\/www.batxilleratgranes.com\/es\/","logo":{"@type":"ImageObject","inLanguage":"es","@id":"https:\/\/www.batxilleratgranes.com\/es\/#\/schema\/logo\/image\/","url":"https:\/\/www.batxilleratgranes.com\/wp-content\/uploads\/2013\/01\/granes1.png","contentUrl":"https:\/\/www.batxilleratgranes.com\/wp-content\/uploads\/2013\/01\/granes1.png","width":292,"height":85,"caption":"Gran\u00e9s Batxillerat - Escuela especializada en Bachillerato en Barcelona"},"image":{"@id":"https:\/\/www.batxilleratgranes.com\/es\/#\/schema\/logo\/image\/"}},{"@type":"Person","@id":"https:\/\/www.batxilleratgranes.com\/es\/#\/schema\/person\/4e10f231f79e8e2d24629e02b8283201","name":"mireia.martinez","image":{"@type":"ImageObject","inLanguage":"es","@id":"https:\/\/www.batxilleratgranes.com\/es\/#\/schema\/person\/image\/","url":"https:\/\/secure.gravatar.com\/avatar\/8c952e346979fb1eaf89bbc4dfda29f0?s=96&d=mm&r=g","contentUrl":"https:\/\/secure.gravatar.com\/avatar\/8c952e346979fb1eaf89bbc4dfda29f0?s=96&d=mm&r=g","caption":"mireia.martinez"},"url":"https:\/\/www.batxilleratgranes.com\/es\/author\/mireia-martinez\/"}]}},"_links":{"self":[{"href":"https:\/\/www.batxilleratgranes.com\/es\/wp-json\/wp\/v2\/posts\/9860"}],"collection":[{"href":"https:\/\/www.batxilleratgranes.com\/es\/wp-json\/wp\/v2\/posts"}],"about":[{"href":"https:\/\/www.batxilleratgranes.com\/es\/wp-json\/wp\/v2\/types\/post"}],"author":[{"embeddable":true,"href":"https:\/\/www.batxilleratgranes.com\/es\/wp-json\/wp\/v2\/users\/5"}],"replies":[{"embeddable":true,"href":"https:\/\/www.batxilleratgranes.com\/es\/wp-json\/wp\/v2\/comments?post=9860"}],"version-history":[{"count":5,"href":"https:\/\/www.batxilleratgranes.com\/es\/wp-json\/wp\/v2\/posts\/9860\/revisions"}],"predecessor-version":[{"id":9881,"href":"https:\/\/www.batxilleratgranes.com\/es\/wp-json\/wp\/v2\/posts\/9860\/revisions\/9881"}],"wp:featuredmedia":[{"embeddable":true,"href":"https:\/\/www.batxilleratgranes.com\/es\/wp-json\/wp\/v2\/media\/9866"}],"wp:attachment":[{"href":"https:\/\/www.batxilleratgranes.com\/es\/wp-json\/wp\/v2\/media?parent=9860"}],"wp:term":[{"taxonomy":"category","embeddable":true,"href":"https:\/\/www.batxilleratgranes.com\/es\/wp-json\/wp\/v2\/categories?post=9860"},{"taxonomy":"post_tag","embeddable":true,"href":"https:\/\/www.batxilleratgranes.com\/es\/wp-json\/wp\/v2\/tags?post=9860"}],"curies":[{"name":"wp","href":"https:\/\/api.w.org\/{rel}","templated":true}]}}