{"id":9958,"date":"2018-11-19T14:09:01","date_gmt":"2018-11-19T14:09:01","guid":{"rendered":"http:\/\/www.batxilleratgranes.com\/?p=9958"},"modified":"2018-11-19T14:12:37","modified_gmt":"2018-11-19T14:12:37","slug":"comenca-la-recollida-daliments-solidaris","status":"publish","type":"post","link":"https:\/\/www.batxilleratgranes.com\/es\/comenca-la-recollida-daliments-solidaris\/","title":{"rendered":"Comen\u00e7a la recollida d&#8217;aliments solidaris"},"content":{"rendered":"<p>Avui hem engegat les <strong>Jornades de Solidaritat<\/strong>\u00a0a l&#8217;escola. Durant les pr\u00f2ximes dues setmanes portarem a terme a\u00a0 un seguit d&#8217;activitats per col\u00b7laborar amb diferents entitats de car\u00e0cter solid\u00e0ri, com ara el <a href=\"https:\/\/www.bancdelsaliments.org\/\"><strong>Banc dels Aliments<\/strong><\/a> de Barcelona,<strong> Avism\u00f3n<\/strong> i <strong>La Marat\u00f3<\/strong> de TV3.<\/p>\n<p><a href=\"http:\/\/www.batxilleratgranes.com\/wp-content\/uploads\/2018\/11\/Banc-dels-Aliments-3.jpg\"><img loading=\"lazy\" decoding=\"async\" width=\"868\" height=\"542\" class=\"alignnone size-full wp-image-9959\" src=\"http:\/\/www.batxilleratgranes.com\/wp-content\/uploads\/2018\/11\/Banc-dels-Aliments-3.jpg\" alt=\"\" srcset=\"https:\/\/www.batxilleratgranes.com\/wp-content\/uploads\/2018\/11\/Banc-dels-Aliments-3.jpg 868w, https:\/\/www.batxilleratgranes.com\/wp-content\/uploads\/2018\/11\/Banc-dels-Aliments-3-300x187.jpg 300w, https:\/\/www.batxilleratgranes.com\/wp-content\/uploads\/2018\/11\/Banc-dels-Aliments-3-768x480.jpg 768w, https:\/\/www.batxilleratgranes.com\/wp-content\/uploads\/2018\/11\/Banc-dels-Aliments-3-650x406.jpg 650w, https:\/\/www.batxilleratgranes.com\/wp-content\/uploads\/2018\/11\/Banc-dels-Aliments-3-256x160.jpg 256w, https:\/\/www.batxilleratgranes.com\/wp-content\/uploads\/2018\/11\/Banc-dels-Aliments-3-320x200.jpg 320w, https:\/\/www.batxilleratgranes.com\/wp-content\/uploads\/2018\/11\/Banc-dels-Aliments-3-480x300.jpg 480w\" sizes=\"(max-width: 868px) 100vw, 868px\" \/><\/a><\/p>\n<p style=\"text-align: justify;\">L&#8217;<strong>Antoni Dolader<\/strong>, coordinador del Programa Escoles de Banc dels Aliments, ha fet avui una petita xerrada de sensibilitzaci\u00f3 als nostres alumnes. A m\u00e9s d&#8217;explicar com funciona el Banc d&#8217;Aliments, com es recullen aquests i a quines entitats van a parar, l&#8217;Antoni els ha fet reflexionar sobre la <strong>solidaritat<\/strong> i les necessitats aliment\u00e0ries que, malauradament, tenen moltes persones a prop nostre. I \u00e9s que l&#8217;objectiu d&#8217;aquesta recollida que iniciem avui \u00e9s que tots aquests aliments vagin a parar a persones que ho necessiten del nostre entorn m\u00e9s immediat.<\/p>\n<p>Els aliments principals que es recollirem a l&#8217;escola per col\u00b7laborar amb el Banc d&#8217;Aliments s\u00f3n:<\/p>\n<ul>\n<li><strong>\u00a0oli (oliva, gira-sol\u2026)<\/strong><\/li>\n<li><strong>arr\u00f2s\u00a0<\/strong><\/li>\n<li><strong>pasta<\/strong>, tot envasat en pl\u00e0stic o material que no es pugui trencar durant el transport<\/li>\n<\/ul>\n<p style=\"text-align: justify;\">A m\u00e9s d&#8217;aquesta recollida per al Banc dels Aliments, a l&#8217;escola tamb\u00e9 recaptarem aliments per a l&#8217;entitat\u00a0<strong><a href=\"http:\/\/www.avismon.org\">Avism\u00f3n<\/a>.\u00a0<\/strong>En aquest cas, els aliments que necessiten s\u00f3n:<\/p>\n<ul>\n<li style=\"text-align: justify;\"><strong>oli d\u2019oliva <\/strong><\/li>\n<li style=\"text-align: justify;\"><strong>llegums cuites<\/strong><\/li>\n<li style=\"text-align: justify;\"><strong> aliments en conserva (verdures, sardines, tonyina&#8230;)<\/strong><\/li>\n<li style=\"text-align: justify;\"><strong> aliments dol\u00e7os (galetes, torrons, i dol\u00e7os per a diab\u00e8tics) <\/strong><\/li>\n<li style=\"text-align: justify;\"><strong>productes d\u2019higiene personal (gel, col\u00f2nia, crema hidratant&#8230;<\/strong><\/li>\n<\/ul>\n<p><a href=\"http:\/\/www.batxilleratgranes.com\/wp-content\/uploads\/2018\/11\/Banc-dels-aliments-1.jpg\"><img loading=\"lazy\" decoding=\"async\" width=\"868\" height=\"651\" class=\"alignnone size-full wp-image-9960\" src=\"http:\/\/www.batxilleratgranes.com\/wp-content\/uploads\/2018\/11\/Banc-dels-aliments-1.jpg\" alt=\"Banc dels Aliments\" srcset=\"https:\/\/www.batxilleratgranes.com\/wp-content\/uploads\/2018\/11\/Banc-dels-aliments-1.jpg 868w, https:\/\/www.batxilleratgranes.com\/wp-content\/uploads\/2018\/11\/Banc-dels-aliments-1-300x225.jpg 300w, https:\/\/www.batxilleratgranes.com\/wp-content\/uploads\/2018\/11\/Banc-dels-aliments-1-768x576.jpg 768w, https:\/\/www.batxilleratgranes.com\/wp-content\/uploads\/2018\/11\/Banc-dels-aliments-1-650x488.jpg 650w\" sizes=\"(max-width: 868px) 100vw, 868px\" \/><\/a><\/p>\n<p style=\"text-align: justify;\">Tamb\u00e9 volem agrair la col\u00b7laboraci\u00f3 de la <strong>Comissi\u00f3 de Solidaritat<\/strong>, formada per un grup d&#8217;alumnes de l&#8217;escola, que avui estaven for\u00e7a enfeinats muntant caixes i distribuint-les per les aules. Esperem que estiguin plenes d&#8217;aliments ben aviat!<\/p>\n<p>&nbsp;<\/p>\n<p>&nbsp;<\/p>\n","protected":false},"excerpt":{"rendered":"<p>Avui hem engegat les Jornades de Solidaritat\u00a0a l&#8217;escola. Durant les pr\u00f2ximes dues setmanes portarem a terme a\u00a0 un seguit d&#8217;activitats per col\u00b7laborar amb diferents entitats de car\u00e0cter solid\u00e0ri, com ara el Banc dels Aliments de Barcelona, Avism\u00f3n i La Marat\u00f3 de TV3. L&#8217;Antoni Dolader, coordinador del Programa Escoles de Banc dels Aliments, ha fet avui&hellip;&nbsp;<a href=\"https:\/\/www.batxilleratgranes.com\/es\/comenca-la-recollida-daliments-solidaris\/\" class=\"\" rel=\"bookmark\">Read More &raquo;<span class=\"screen-reader-text\">Comen\u00e7a la recollida d&#8217;aliments solidaris<\/span><\/a><\/p>\n","protected":false},"author":5,"featured_media":9962,"comment_status":"open","ping_status":"open","sticky":false,"template":"","format":"standard","meta":{"neve_meta_sidebar":"","neve_meta_container":"","neve_meta_enable_content_width":"","neve_meta_content_width":0,"neve_meta_title_alignment":"","neve_meta_author_avatar":"","neve_post_elements_order":"","neve_meta_disable_header":"","neve_meta_disable_footer":"","neve_meta_disable_title":"","footnotes":""},"categories":[7],"tags":[689,92,105,687,686,688,90],"class_list":["post-9958","post","type-post","status-publish","format-standard","has-post-thumbnail","hentry","category-centre-batxillerat-granes","tag-aliments-solidaris","tag-avismon","tag-banc-dels-aliments","tag-jornades-de-solidaritat","tag-la-marato","tag-recollida-daliments","tag-solidaritat"],"yoast_head":"<!-- This site is optimized with the Yoast SEO plugin v23.4 - https:\/\/yoast.com\/wordpress\/plugins\/seo\/ -->\n<title>Comen\u00e7a la recollida d&#039;aliments solidaris - Gran\u00e9s Batxillerat - Escuela especializada en Bachillerato en Barcelona<\/title>\n<meta name=\"robots\" content=\"index, follow, max-snippet:-1, max-image-preview:large, max-video-preview:-1\" \/>\n<link rel=\"canonical\" href=\"https:\/\/www.batxilleratgranes.com\/es\/comenca-la-recollida-daliments-solidaris\/\" \/>\n<meta property=\"og:locale\" content=\"es_ES\" \/>\n<meta property=\"og:type\" content=\"article\" \/>\n<meta property=\"og:title\" content=\"Comen\u00e7a la recollida d&#039;aliments solidaris - Gran\u00e9s Batxillerat - Escuela especializada en Bachillerato en Barcelona\" \/>\n<meta property=\"og:description\" content=\"Avui hem engegat les Jornades de Solidaritat\u00a0a l&#8217;escola. Durant les pr\u00f2ximes dues setmanes portarem a terme a\u00a0 un seguit d&#8217;activitats per col\u00b7laborar amb diferents entitats de car\u00e0cter solid\u00e0ri, com ara el Banc dels Aliments de Barcelona, Avism\u00f3n i La Marat\u00f3 de TV3. L&#8217;Antoni Dolader, coordinador del Programa Escoles de Banc dels Aliments, ha fet avui&hellip;&nbsp;Read More &raquo;Comen\u00e7a la recollida d&#8217;aliments solidaris\" \/>\n<meta property=\"og:url\" content=\"https:\/\/www.batxilleratgranes.com\/es\/comenca-la-recollida-daliments-solidaris\/\" \/>\n<meta property=\"og:site_name\" content=\"Gran\u00e9s Batxillerat - Escuela especializada en Bachillerato en Barcelona\" \/>\n<meta property=\"article:published_time\" content=\"2018-11-19T14:09:01+00:00\" \/>\n<meta property=\"article:modified_time\" content=\"2018-11-19T14:12:37+00:00\" \/>\n<meta property=\"og:image\" content=\"https:\/\/www.batxilleratgranes.com\/wp-content\/uploads\/2018\/11\/Banc-dels-Aliments-2.jpg\" \/>\n\t<meta property=\"og:image:width\" content=\"871\" \/>\n\t<meta property=\"og:image:height\" content=\"630\" \/>\n\t<meta property=\"og:image:type\" content=\"image\/jpeg\" \/>\n<meta name=\"author\" content=\"mireia.martinez\" \/>\n<meta name=\"twitter:card\" content=\"summary_large_image\" \/>\n<meta name=\"twitter:label1\" content=\"Written by\" \/>\n\t<meta name=\"twitter:data1\" content=\"mireia.martinez\" \/>\n\t<meta name=\"twitter:label2\" content=\"Est. reading time\" \/>\n\t<meta name=\"twitter:data2\" content=\"1 minute\" \/>\n<script type=\"application\/ld+json\" class=\"yoast-schema-graph\">{\"@context\":\"https:\/\/schema.org\",\"@graph\":[{\"@type\":\"Article\",\"@id\":\"https:\/\/www.batxilleratgranes.com\/es\/comenca-la-recollida-daliments-solidaris\/#article\",\"isPartOf\":{\"@id\":\"https:\/\/www.batxilleratgranes.com\/es\/comenca-la-recollida-daliments-solidaris\/\"},\"author\":{\"name\":\"mireia.martinez\",\"@id\":\"https:\/\/www.batxilleratgranes.com\/es\/#\/schema\/person\/4e10f231f79e8e2d24629e02b8283201\"},\"headline\":\"Comen\u00e7a la recollida d&#8217;aliments solidaris\",\"datePublished\":\"2018-11-19T14:09:01+00:00\",\"dateModified\":\"2018-11-19T14:12:37+00:00\",\"mainEntityOfPage\":{\"@id\":\"https:\/\/www.batxilleratgranes.com\/es\/comenca-la-recollida-daliments-solidaris\/\"},\"wordCount\":300,\"commentCount\":0,\"publisher\":{\"@id\":\"https:\/\/www.batxilleratgranes.com\/es\/#organization\"},\"image\":{\"@id\":\"https:\/\/www.batxilleratgranes.com\/es\/comenca-la-recollida-daliments-solidaris\/#primaryimage\"},\"thumbnailUrl\":\"https:\/\/www.batxilleratgranes.com\/wp-content\/uploads\/2018\/11\/Banc-dels-Aliments-2.jpg\",\"keywords\":[\"aliments solidaris\",\"Avism\u00f3n\",\"Banc dels Aliments\",\"Jornades de Solidaritat\",\"La Marat\u00f3\",\"recollida d'aliments\",\"Solidaritat\"],\"articleSection\":[\"Activitats Gran\u00e9s\"],\"inLanguage\":\"es\",\"potentialAction\":[{\"@type\":\"CommentAction\",\"name\":\"Comment\",\"target\":[\"https:\/\/www.batxilleratgranes.com\/es\/comenca-la-recollida-daliments-solidaris\/#respond\"]}]},{\"@type\":\"WebPage\",\"@id\":\"https:\/\/www.batxilleratgranes.com\/es\/comenca-la-recollida-daliments-solidaris\/\",\"url\":\"https:\/\/www.batxilleratgranes.com\/es\/comenca-la-recollida-daliments-solidaris\/\",\"name\":\"Comen\u00e7a la recollida d'aliments solidaris - Gran\u00e9s Batxillerat - Escuela especializada en Bachillerato en Barcelona\",\"isPartOf\":{\"@id\":\"https:\/\/www.batxilleratgranes.com\/es\/#website\"},\"primaryImageOfPage\":{\"@id\":\"https:\/\/www.batxilleratgranes.com\/es\/comenca-la-recollida-daliments-solidaris\/#primaryimage\"},\"image\":{\"@id\":\"https:\/\/www.batxilleratgranes.com\/es\/comenca-la-recollida-daliments-solidaris\/#primaryimage\"},\"thumbnailUrl\":\"https:\/\/www.batxilleratgranes.com\/wp-content\/uploads\/2018\/11\/Banc-dels-Aliments-2.jpg\",\"datePublished\":\"2018-11-19T14:09:01+00:00\",\"dateModified\":\"2018-11-19T14:12:37+00:00\",\"breadcrumb\":{\"@id\":\"https:\/\/www.batxilleratgranes.com\/es\/comenca-la-recollida-daliments-solidaris\/#breadcrumb\"},\"inLanguage\":\"es\",\"potentialAction\":[{\"@type\":\"ReadAction\",\"target\":[\"https:\/\/www.batxilleratgranes.com\/es\/comenca-la-recollida-daliments-solidaris\/\"]}]},{\"@type\":\"ImageObject\",\"inLanguage\":\"es\",\"@id\":\"https:\/\/www.batxilleratgranes.com\/es\/comenca-la-recollida-daliments-solidaris\/#primaryimage\",\"url\":\"https:\/\/www.batxilleratgranes.com\/wp-content\/uploads\/2018\/11\/Banc-dels-Aliments-2.jpg\",\"contentUrl\":\"https:\/\/www.batxilleratgranes.com\/wp-content\/uploads\/2018\/11\/Banc-dels-Aliments-2.jpg\",\"width\":871,\"height\":630,\"caption\":\"Banc dels Aliments\"},{\"@type\":\"BreadcrumbList\",\"@id\":\"https:\/\/www.batxilleratgranes.com\/es\/comenca-la-recollida-daliments-solidaris\/#breadcrumb\",\"itemListElement\":[{\"@type\":\"ListItem\",\"position\":1,\"name\":\"Inici\",\"item\":\"https:\/\/www.batxilleratgranes.com\/es\/\"},{\"@type\":\"ListItem\",\"position\":2,\"name\":\"Comen\u00e7a la recollida d&#8217;aliments solidaris\"}]},{\"@type\":\"WebSite\",\"@id\":\"https:\/\/www.batxilleratgranes.com\/es\/#website\",\"url\":\"https:\/\/www.batxilleratgranes.com\/es\/\",\"name\":\"Gran\u00e9s Batxillerat - Escuela especializada en Bachillerato en Barcelona\",\"description\":\"Escola especialitzada en Batxillerat a Barcelona\",\"publisher\":{\"@id\":\"https:\/\/www.batxilleratgranes.com\/es\/#organization\"},\"potentialAction\":[{\"@type\":\"SearchAction\",\"target\":{\"@type\":\"EntryPoint\",\"urlTemplate\":\"https:\/\/www.batxilleratgranes.com\/es\/?s={search_term_string}\"},\"query-input\":{\"@type\":\"PropertyValueSpecification\",\"valueRequired\":true,\"valueName\":\"search_term_string\"}}],\"inLanguage\":\"es\"},{\"@type\":\"Organization\",\"@id\":\"https:\/\/www.batxilleratgranes.com\/es\/#organization\",\"name\":\"Gran\u00e9s Batxillerat - Escuela especializada en Bachillerato en Barcelona\",\"url\":\"https:\/\/www.batxilleratgranes.com\/es\/\",\"logo\":{\"@type\":\"ImageObject\",\"inLanguage\":\"es\",\"@id\":\"https:\/\/www.batxilleratgranes.com\/es\/#\/schema\/logo\/image\/\",\"url\":\"https:\/\/www.batxilleratgranes.com\/wp-content\/uploads\/2013\/01\/granes1.png\",\"contentUrl\":\"https:\/\/www.batxilleratgranes.com\/wp-content\/uploads\/2013\/01\/granes1.png\",\"width\":292,\"height\":85,\"caption\":\"Gran\u00e9s Batxillerat - Escuela especializada en Bachillerato en Barcelona\"},\"image\":{\"@id\":\"https:\/\/www.batxilleratgranes.com\/es\/#\/schema\/logo\/image\/\"}},{\"@type\":\"Person\",\"@id\":\"https:\/\/www.batxilleratgranes.com\/es\/#\/schema\/person\/4e10f231f79e8e2d24629e02b8283201\",\"name\":\"mireia.martinez\",\"image\":{\"@type\":\"ImageObject\",\"inLanguage\":\"es\",\"@id\":\"https:\/\/www.batxilleratgranes.com\/es\/#\/schema\/person\/image\/\",\"url\":\"https:\/\/secure.gravatar.com\/avatar\/8c952e346979fb1eaf89bbc4dfda29f0?s=96&d=mm&r=g\",\"contentUrl\":\"https:\/\/secure.gravatar.com\/avatar\/8c952e346979fb1eaf89bbc4dfda29f0?s=96&d=mm&r=g\",\"caption\":\"mireia.martinez\"},\"url\":\"https:\/\/www.batxilleratgranes.com\/es\/author\/mireia-martinez\/\"}]}<\/script>\n<!-- \/ Yoast SEO plugin. -->","yoast_head_json":{"title":"Comen\u00e7a la recollida d'aliments solidaris - Gran\u00e9s Batxillerat - Escuela especializada en Bachillerato en Barcelona","robots":{"index":"index","follow":"follow","max-snippet":"max-snippet:-1","max-image-preview":"max-image-preview:large","max-video-preview":"max-video-preview:-1"},"canonical":"https:\/\/www.batxilleratgranes.com\/es\/comenca-la-recollida-daliments-solidaris\/","og_locale":"es_ES","og_type":"article","og_title":"Comen\u00e7a la recollida d'aliments solidaris - Gran\u00e9s Batxillerat - Escuela especializada en Bachillerato en Barcelona","og_description":"Avui hem engegat les Jornades de Solidaritat\u00a0a l&#8217;escola. Durant les pr\u00f2ximes dues setmanes portarem a terme a\u00a0 un seguit d&#8217;activitats per col\u00b7laborar amb diferents entitats de car\u00e0cter solid\u00e0ri, com ara el Banc dels Aliments de Barcelona, Avism\u00f3n i La Marat\u00f3 de TV3. L&#8217;Antoni Dolader, coordinador del Programa Escoles de Banc dels Aliments, ha fet avui&hellip;&nbsp;Read More &raquo;Comen\u00e7a la recollida d&#8217;aliments solidaris","og_url":"https:\/\/www.batxilleratgranes.com\/es\/comenca-la-recollida-daliments-solidaris\/","og_site_name":"Gran\u00e9s Batxillerat - Escuela especializada en Bachillerato en Barcelona","article_published_time":"2018-11-19T14:09:01+00:00","article_modified_time":"2018-11-19T14:12:37+00:00","og_image":[{"width":871,"height":630,"url":"https:\/\/www.batxilleratgranes.com\/wp-content\/uploads\/2018\/11\/Banc-dels-Aliments-2.jpg","type":"image\/jpeg"}],"author":"mireia.martinez","twitter_card":"summary_large_image","twitter_misc":{"Written by":"mireia.martinez","Est. reading time":"1 minute"},"schema":{"@context":"https:\/\/schema.org","@graph":[{"@type":"Article","@id":"https:\/\/www.batxilleratgranes.com\/es\/comenca-la-recollida-daliments-solidaris\/#article","isPartOf":{"@id":"https:\/\/www.batxilleratgranes.com\/es\/comenca-la-recollida-daliments-solidaris\/"},"author":{"name":"mireia.martinez","@id":"https:\/\/www.batxilleratgranes.com\/es\/#\/schema\/person\/4e10f231f79e8e2d24629e02b8283201"},"headline":"Comen\u00e7a la recollida d&#8217;aliments solidaris","datePublished":"2018-11-19T14:09:01+00:00","dateModified":"2018-11-19T14:12:37+00:00","mainEntityOfPage":{"@id":"https:\/\/www.batxilleratgranes.com\/es\/comenca-la-recollida-daliments-solidaris\/"},"wordCount":300,"commentCount":0,"publisher":{"@id":"https:\/\/www.batxilleratgranes.com\/es\/#organization"},"image":{"@id":"https:\/\/www.batxilleratgranes.com\/es\/comenca-la-recollida-daliments-solidaris\/#primaryimage"},"thumbnailUrl":"https:\/\/www.batxilleratgranes.com\/wp-content\/uploads\/2018\/11\/Banc-dels-Aliments-2.jpg","keywords":["aliments solidaris","Avism\u00f3n","Banc dels Aliments","Jornades de Solidaritat","La Marat\u00f3","recollida d'aliments","Solidaritat"],"articleSection":["Activitats Gran\u00e9s"],"inLanguage":"es","potentialAction":[{"@type":"CommentAction","name":"Comment","target":["https:\/\/www.batxilleratgranes.com\/es\/comenca-la-recollida-daliments-solidaris\/#respond"]}]},{"@type":"WebPage","@id":"https:\/\/www.batxilleratgranes.com\/es\/comenca-la-recollida-daliments-solidaris\/","url":"https:\/\/www.batxilleratgranes.com\/es\/comenca-la-recollida-daliments-solidaris\/","name":"Comen\u00e7a la recollida d'aliments solidaris - Gran\u00e9s Batxillerat - Escuela especializada en Bachillerato en Barcelona","isPartOf":{"@id":"https:\/\/www.batxilleratgranes.com\/es\/#website"},"primaryImageOfPage":{"@id":"https:\/\/www.batxilleratgranes.com\/es\/comenca-la-recollida-daliments-solidaris\/#primaryimage"},"image":{"@id":"https:\/\/www.batxilleratgranes.com\/es\/comenca-la-recollida-daliments-solidaris\/#primaryimage"},"thumbnailUrl":"https:\/\/www.batxilleratgranes.com\/wp-content\/uploads\/2018\/11\/Banc-dels-Aliments-2.jpg","datePublished":"2018-11-19T14:09:01+00:00","dateModified":"2018-11-19T14:12:37+00:00","breadcrumb":{"@id":"https:\/\/www.batxilleratgranes.com\/es\/comenca-la-recollida-daliments-solidaris\/#breadcrumb"},"inLanguage":"es","potentialAction":[{"@type":"ReadAction","target":["https:\/\/www.batxilleratgranes.com\/es\/comenca-la-recollida-daliments-solidaris\/"]}]},{"@type":"ImageObject","inLanguage":"es","@id":"https:\/\/www.batxilleratgranes.com\/es\/comenca-la-recollida-daliments-solidaris\/#primaryimage","url":"https:\/\/www.batxilleratgranes.com\/wp-content\/uploads\/2018\/11\/Banc-dels-Aliments-2.jpg","contentUrl":"https:\/\/www.batxilleratgranes.com\/wp-content\/uploads\/2018\/11\/Banc-dels-Aliments-2.jpg","width":871,"height":630,"caption":"Banc dels Aliments"},{"@type":"BreadcrumbList","@id":"https:\/\/www.batxilleratgranes.com\/es\/comenca-la-recollida-daliments-solidaris\/#breadcrumb","itemListElement":[{"@type":"ListItem","position":1,"name":"Inici","item":"https:\/\/www.batxilleratgranes.com\/es\/"},{"@type":"ListItem","position":2,"name":"Comen\u00e7a la recollida d&#8217;aliments solidaris"}]},{"@type":"WebSite","@id":"https:\/\/www.batxilleratgranes.com\/es\/#website","url":"https:\/\/www.batxilleratgranes.com\/es\/","name":"Gran\u00e9s Batxillerat - Escuela especializada en Bachillerato en Barcelona","description":"Escola especialitzada en Batxillerat a Barcelona","publisher":{"@id":"https:\/\/www.batxilleratgranes.com\/es\/#organization"},"potentialAction":[{"@type":"SearchAction","target":{"@type":"EntryPoint","urlTemplate":"https:\/\/www.batxilleratgranes.com\/es\/?s={search_term_string}"},"query-input":{"@type":"PropertyValueSpecification","valueRequired":true,"valueName":"search_term_string"}}],"inLanguage":"es"},{"@type":"Organization","@id":"https:\/\/www.batxilleratgranes.com\/es\/#organization","name":"Gran\u00e9s Batxillerat - Escuela especializada en Bachillerato en Barcelona","url":"https:\/\/www.batxilleratgranes.com\/es\/","logo":{"@type":"ImageObject","inLanguage":"es","@id":"https:\/\/www.batxilleratgranes.com\/es\/#\/schema\/logo\/image\/","url":"https:\/\/www.batxilleratgranes.com\/wp-content\/uploads\/2013\/01\/granes1.png","contentUrl":"https:\/\/www.batxilleratgranes.com\/wp-content\/uploads\/2013\/01\/granes1.png","width":292,"height":85,"caption":"Gran\u00e9s Batxillerat - Escuela especializada en Bachillerato en Barcelona"},"image":{"@id":"https:\/\/www.batxilleratgranes.com\/es\/#\/schema\/logo\/image\/"}},{"@type":"Person","@id":"https:\/\/www.batxilleratgranes.com\/es\/#\/schema\/person\/4e10f231f79e8e2d24629e02b8283201","name":"mireia.martinez","image":{"@type":"ImageObject","inLanguage":"es","@id":"https:\/\/www.batxilleratgranes.com\/es\/#\/schema\/person\/image\/","url":"https:\/\/secure.gravatar.com\/avatar\/8c952e346979fb1eaf89bbc4dfda29f0?s=96&d=mm&r=g","contentUrl":"https:\/\/secure.gravatar.com\/avatar\/8c952e346979fb1eaf89bbc4dfda29f0?s=96&d=mm&r=g","caption":"mireia.martinez"},"url":"https:\/\/www.batxilleratgranes.com\/es\/author\/mireia-martinez\/"}]}},"_links":{"self":[{"href":"https:\/\/www.batxilleratgranes.com\/es\/wp-json\/wp\/v2\/posts\/9958"}],"collection":[{"href":"https:\/\/www.batxilleratgranes.com\/es\/wp-json\/wp\/v2\/posts"}],"about":[{"href":"https:\/\/www.batxilleratgranes.com\/es\/wp-json\/wp\/v2\/types\/post"}],"author":[{"embeddable":true,"href":"https:\/\/www.batxilleratgranes.com\/es\/wp-json\/wp\/v2\/users\/5"}],"replies":[{"embeddable":true,"href":"https:\/\/www.batxilleratgranes.com\/es\/wp-json\/wp\/v2\/comments?post=9958"}],"version-history":[{"count":1,"href":"https:\/\/www.batxilleratgranes.com\/es\/wp-json\/wp\/v2\/posts\/9958\/revisions"}],"predecessor-version":[{"id":9961,"href":"https:\/\/www.batxilleratgranes.com\/es\/wp-json\/wp\/v2\/posts\/9958\/revisions\/9961"}],"wp:featuredmedia":[{"embeddable":true,"href":"https:\/\/www.batxilleratgranes.com\/es\/wp-json\/wp\/v2\/media\/9962"}],"wp:attachment":[{"href":"https:\/\/www.batxilleratgranes.com\/es\/wp-json\/wp\/v2\/media?parent=9958"}],"wp:term":[{"taxonomy":"category","embeddable":true,"href":"https:\/\/www.batxilleratgranes.com\/es\/wp-json\/wp\/v2\/categories?post=9958"},{"taxonomy":"post_tag","embeddable":true,"href":"https:\/\/www.batxilleratgranes.com\/es\/wp-json\/wp\/v2\/tags?post=9958"}],"curies":[{"name":"wp","href":"https:\/\/api.w.org\/{rel}","templated":true}]}}